{"id":6886,"date":"2025-02-26T08:38:13","date_gmt":"2025-02-26T07:38:13","guid":{"rendered":"https:\/\/www.zeitpolster.com\/li\/?p=6886"},"modified":"2025-03-07T13:39:32","modified_gmt":"2025-03-07T12:39:32","slug":"termine-2025","status":"publish","type":"post","link":"https:\/\/www.zeitpolster.com\/li\/termine-2025\/","title":{"rendered":"Termine 2025"},"content":{"rendered":"\n<p>Wir freuen uns, wenn wir uns mit unseren Helferinnen und Helfern j\u00e4hrlich austauschen k\u00f6nnen. Gelegenheit dazu bieten die Jahresversammlung und unsere Helfendenanl\u00e4sse im Ober- und Unterland.<\/p>\n\n\n\n<p>Darum jetzt schon die Termine reservieren:<\/p>\n\n\n\n<p><strong>Jahresversammlung<\/strong>: <\/p>\n\n\n\n<p>14. April 2025, 19.00 h, im Lindarank, Schaan<\/p>\n\n\n\n<p><strong>Anl\u00e4sse f\u00fcr Helfende:<\/strong><\/p>\n\n\n\n<p>Unterland: 26. Juni 2025<br>Oberland: 27. Juni 2025<\/p>\n","protected":false},"excerpt":{"rendered":"<p>Wir freuen uns, wenn wir uns mit unseren Helferinnen und Helfern j\u00e4hrlich austauschen k\u00f6nnen. Gelegenheit dazu bieten die Jahresversammlung und unsere Helfendenanl\u00e4sse im Ober- und Unterland. Darum jetzt schon die Termine reservieren: Jahresversammlung: 14. April 2025, 19.00 h, im Lindarank, Schaan Anl\u00e4sse f\u00fcr Helfende: Unterland: 26. Juni 2025Oberland: 27. Juni 2025<\/p>\n","protected":false},"author":6,"featured_media":6887,"comment_status":"closed","ping_status":"closed","sticky":false,"template":"","format":"standard","meta":{"_bbp_topic_count":0,"_bbp_reply_count":0,"_bbp_total_topic_count":0,"_bbp_total_reply_count":0,"_bbp_voice_count":0,"_bbp_anonymous_reply_count":0,"_bbp_topic_count_hidden":0,"_bbp_reply_count_hidden":0,"_bbp_forum_subforum_count":0,"_uag_custom_page_level_css":"","site-sidebar-layout":"default","site-content-layout":"","ast-site-content-layout":"default","site-content-style":"default","site-sidebar-style":"default","ast-global-header-display":"","ast-banner-title-visibility":"","ast-main-header-display":"","ast-hfb-above-header-display":"","ast-hfb-below-header-display":"","ast-hfb-mobile-header-display":"","site-post-title":"","ast-breadcrumbs-content":"","ast-featured-img":"","footer-sml-layout":"","ast-disable-related-posts":"","theme-transparent-header-meta":"","adv-header-id-meta":"","stick-header-meta":"","header-above-stick-meta":"","header-main-stick-meta":"","header-below-stick-meta":"","astra-migrate-meta-layouts":"set","ast-page-background-enabled":"default","ast-page-background-meta":{"desktop":{"background-color":"","background-image":"","background-repeat":"repeat","background-position":"center center","background-size":"auto","background-attachment":"scroll","background-type":"","background-media":"","overlay-type":"","overlay-color":"","overlay-opacity":"","overlay-gradient":""},"tablet":{"background-color":"","background-image":"","background-repeat":"repeat","background-position":"center center","background-size":"auto","background-attachment":"scroll","background-type":"","background-media":"","overlay-type":"","overlay-color":"","overlay-opacity":"","overlay-gradient":""},"mobile":{"background-color":"","background-image":"","background-repeat":"repeat","background-position":"center center","background-size":"auto","background-attachment":"scroll","background-type":"","background-media":"","overlay-type":"","overlay-color":"","overlay-opacity":"","overlay-gradient":""}},"ast-content-background-meta":{"desktop":{"background-color":"var(--ast-global-color-5)","background-image":"","background-repeat":"repeat","background-position":"center center","background-size":"auto","background-attachment":"scroll","background-type":"","background-media":"","overlay-type":"","overlay-color":"","overlay-opacity":"","overlay-gradient":""},"tablet":{"background-color":"var(--ast-global-color-5)","background-image":"","background-repeat":"repeat","background-position":"center center","background-size":"auto","background-attachment":"scroll","background-type":"","background-media":"","overlay-type":"","overlay-color":"","overlay-opacity":"","overlay-gradient":""},"mobile":{"background-color":"var(--ast-global-color-5)","background-image":"","background-repeat":"repeat","background-position":"center center","background-size":"auto","background-attachment":"scroll","background-type":"","background-media":"","overlay-type":"","overlay-color":"","overlay-opacity":"","overlay-gradient":""}},"footnotes":""},"categories":[1],"tags":[],"class_list":["post-6886","post","type-post","status-publish","format-standard","has-post-thumbnail","hentry","category-unkategorisiert"],"yoast_head":"<!-- This site is optimized with the Yoast SEO plugin v27.5 - https:\/\/yoast.com\/product\/yoast-seo-wordpress\/ -->\n<title>Termine 2025 - Zeitpolster Liechtenstein<\/title>\n<meta name=\"robots\" content=\"index, follow, max-snippet:-1, max-image-preview:large, max-video-preview:-1\" \/>\n<link rel=\"canonical\" href=\"https:\/\/www.zeitpolster.com\/li\/termine-2025\/\" \/>\n<meta property=\"og:locale\" content=\"de_DE\" \/>\n<meta property=\"og:type\" content=\"article\" \/>\n<meta property=\"og:title\" content=\"Termine 2025 - Zeitpolster Liechtenstein\" \/>\n<meta property=\"og:description\" content=\"Wir freuen uns, wenn wir uns mit unseren Helferinnen und Helfern j\u00e4hrlich austauschen k\u00f6nnen. Gelegenheit dazu bieten die Jahresversammlung und unsere Helfendenanl\u00e4sse im Ober- und Unterland. Darum jetzt schon die Termine reservieren: Jahresversammlung: 14. April 2025, 19.00 h, im Lindarank, Schaan Anl\u00e4sse f\u00fcr Helfende: Unterland: 26. Juni 2025Oberland: 27. Juni 2025\" \/>\n<meta property=\"og:url\" content=\"https:\/\/www.zeitpolster.com\/li\/termine-2025\/\" \/>\n<meta property=\"og:site_name\" content=\"Zeitpolster Liechtenstein\" \/>\n<meta property=\"article:published_time\" content=\"2025-02-26T07:38:13+00:00\" \/>\n<meta property=\"article:modified_time\" content=\"2025-03-07T12:39:32+00:00\" \/>\n<meta property=\"og:image\" content=\"https:\/\/www.zeitpolster.com\/li\/wp-content\/uploads\/sites\/17\/2025\/02\/P1010530-1-scaled.jpg\" \/>\n\t<meta property=\"og:image:width\" content=\"2560\" \/>\n\t<meta property=\"og:image:height\" content=\"1920\" \/>\n\t<meta property=\"og:image:type\" content=\"image\/jpeg\" \/>\n<meta name=\"author\" content=\"judith oehri\" \/>\n<meta name=\"twitter:card\" content=\"summary_large_image\" \/>\n<meta name=\"twitter:label1\" content=\"Geschrieben von\" \/>\n\t<meta name=\"twitter:data1\" content=\"judith oehri\" \/>\n\t<meta name=\"twitter:label2\" content=\"Gesch\u00e4tzte Lesezeit\" \/>\n\t<meta name=\"twitter:data2\" content=\"1\u00a0Minute\" \/>\n<script type=\"application\/ld+json\" class=\"yoast-schema-graph\">{\"@context\":\"https:\\\/\\\/schema.org\",\"@graph\":[{\"@type\":\"Article\",\"@id\":\"https:\\\/\\\/www.zeitpolster.com\\\/li\\\/termine-2025\\\/#article\",\"isPartOf\":{\"@id\":\"https:\\\/\\\/www.zeitpolster.com\\\/li\\\/termine-2025\\\/\"},\"author\":{\"name\":\"judith oehri\",\"@id\":\"https:\\\/\\\/www.zeitpolster.com\\\/li\\\/#\\\/schema\\\/person\\\/18ca77d217029d02cf111d812c9a4a6d\"},\"headline\":\"Termine 2025\",\"datePublished\":\"2025-02-26T07:38:13+00:00\",\"dateModified\":\"2025-03-07T12:39:32+00:00\",\"mainEntityOfPage\":{\"@id\":\"https:\\\/\\\/www.zeitpolster.com\\\/li\\\/termine-2025\\\/\"},\"wordCount\":51,\"publisher\":{\"@id\":\"https:\\\/\\\/www.zeitpolster.com\\\/li\\\/#organization\"},\"image\":{\"@id\":\"https:\\\/\\\/www.zeitpolster.com\\\/li\\\/termine-2025\\\/#primaryimage\"},\"thumbnailUrl\":\"https:\\\/\\\/www.zeitpolster.com\\\/li\\\/wp-content\\\/uploads\\\/sites\\\/17\\\/2025\\\/02\\\/P1010530-1-scaled.jpg\",\"articleSection\":[\"Unkategorisiert\"],\"inLanguage\":\"de\"},{\"@type\":\"WebPage\",\"@id\":\"https:\\\/\\\/www.zeitpolster.com\\\/li\\\/termine-2025\\\/\",\"url\":\"https:\\\/\\\/www.zeitpolster.com\\\/li\\\/termine-2025\\\/\",\"name\":\"Termine 2025 - Zeitpolster Liechtenstein\",\"isPartOf\":{\"@id\":\"https:\\\/\\\/www.zeitpolster.com\\\/li\\\/#website\"},\"primaryImageOfPage\":{\"@id\":\"https:\\\/\\\/www.zeitpolster.com\\\/li\\\/termine-2025\\\/#primaryimage\"},\"image\":{\"@id\":\"https:\\\/\\\/www.zeitpolster.com\\\/li\\\/termine-2025\\\/#primaryimage\"},\"thumbnailUrl\":\"https:\\\/\\\/www.zeitpolster.com\\\/li\\\/wp-content\\\/uploads\\\/sites\\\/17\\\/2025\\\/02\\\/P1010530-1-scaled.jpg\",\"datePublished\":\"2025-02-26T07:38:13+00:00\",\"dateModified\":\"2025-03-07T12:39:32+00:00\",\"breadcrumb\":{\"@id\":\"https:\\\/\\\/www.zeitpolster.com\\\/li\\\/termine-2025\\\/#breadcrumb\"},\"inLanguage\":\"de\",\"potentialAction\":[{\"@type\":\"ReadAction\",\"target\":[\"https:\\\/\\\/www.zeitpolster.com\\\/li\\\/termine-2025\\\/\"]}]},{\"@type\":\"ImageObject\",\"inLanguage\":\"de\",\"@id\":\"https:\\\/\\\/www.zeitpolster.com\\\/li\\\/termine-2025\\\/#primaryimage\",\"url\":\"https:\\\/\\\/www.zeitpolster.com\\\/li\\\/wp-content\\\/uploads\\\/sites\\\/17\\\/2025\\\/02\\\/P1010530-1-scaled.jpg\",\"contentUrl\":\"https:\\\/\\\/www.zeitpolster.com\\\/li\\\/wp-content\\\/uploads\\\/sites\\\/17\\\/2025\\\/02\\\/P1010530-1-scaled.jpg\",\"width\":2560,\"height\":1920},{\"@type\":\"BreadcrumbList\",\"@id\":\"https:\\\/\\\/www.zeitpolster.com\\\/li\\\/termine-2025\\\/#breadcrumb\",\"itemListElement\":[{\"@type\":\"ListItem\",\"position\":1,\"name\":\"Startseite\",\"item\":\"https:\\\/\\\/www.zeitpolster.com\\\/li\\\/\"},{\"@type\":\"ListItem\",\"position\":2,\"name\":\"Termine 2025\"}]},{\"@type\":\"WebSite\",\"@id\":\"https:\\\/\\\/www.zeitpolster.com\\\/li\\\/#website\",\"url\":\"https:\\\/\\\/www.zeitpolster.com\\\/li\\\/\",\"name\":\"Zeitpolster Liechtenstein\",\"description\":\"Verein f\u00fcr Zeitvorsorge\",\"publisher\":{\"@id\":\"https:\\\/\\\/www.zeitpolster.com\\\/li\\\/#organization\"},\"potentialAction\":[{\"@type\":\"SearchAction\",\"target\":{\"@type\":\"EntryPoint\",\"urlTemplate\":\"https:\\\/\\\/www.zeitpolster.com\\\/li\\\/?s={search_term_string}\"},\"query-input\":{\"@type\":\"PropertyValueSpecification\",\"valueRequired\":true,\"valueName\":\"search_term_string\"}}],\"inLanguage\":\"de\"},{\"@type\":\"Organization\",\"@id\":\"https:\\\/\\\/www.zeitpolster.com\\\/li\\\/#organization\",\"name\":\"Zeitpolster Liechtenstein\",\"url\":\"https:\\\/\\\/www.zeitpolster.com\\\/li\\\/\",\"logo\":{\"@type\":\"ImageObject\",\"inLanguage\":\"de\",\"@id\":\"https:\\\/\\\/www.zeitpolster.com\\\/li\\\/#\\\/schema\\\/logo\\\/image\\\/\",\"url\":\"https:\\\/\\\/www.zeitpolster.com\\\/li\\\/wp-content\\\/uploads\\\/sites\\\/17\\\/2019\\\/10\\\/logo_green-2.png\",\"contentUrl\":\"https:\\\/\\\/www.zeitpolster.com\\\/li\\\/wp-content\\\/uploads\\\/sites\\\/17\\\/2019\\\/10\\\/logo_green-2.png\",\"width\":361,\"height\":192,\"caption\":\"Zeitpolster Liechtenstein\"},\"image\":{\"@id\":\"https:\\\/\\\/www.zeitpolster.com\\\/li\\\/#\\\/schema\\\/logo\\\/image\\\/\"}},{\"@type\":\"Person\",\"@id\":\"https:\\\/\\\/www.zeitpolster.com\\\/li\\\/#\\\/schema\\\/person\\\/18ca77d217029d02cf111d812c9a4a6d\",\"name\":\"judith oehri\",\"image\":{\"@type\":\"ImageObject\",\"inLanguage\":\"de\",\"@id\":\"https:\\\/\\\/secure.gravatar.com\\\/avatar\\\/32e3f36a87b6bd4424f8e6ddf1488fc4f4c6a9424857c658a124bef13422a81c?s=96&d=mm&r=g\",\"url\":\"https:\\\/\\\/secure.gravatar.com\\\/avatar\\\/32e3f36a87b6bd4424f8e6ddf1488fc4f4c6a9424857c658a124bef13422a81c?s=96&d=mm&r=g\",\"contentUrl\":\"https:\\\/\\\/secure.gravatar.com\\\/avatar\\\/32e3f36a87b6bd4424f8e6ddf1488fc4f4c6a9424857c658a124bef13422a81c?s=96&d=mm&r=g\",\"caption\":\"judith oehri\"},\"url\":\"https:\\\/\\\/www.zeitpolster.com\\\/li\\\/author\\\/judith-oehri\\\/\"}]}<\/script>\n<!-- \/ Yoast SEO plugin. -->","yoast_head_json":{"title":"Termine 2025 - Zeitpolster Liechtenstein","robots":{"index":"index","follow":"follow","max-snippet":"max-snippet:-1","max-image-preview":"max-image-preview:large","max-video-preview":"max-video-preview:-1"},"canonical":"https:\/\/www.zeitpolster.com\/li\/termine-2025\/","og_locale":"de_DE","og_type":"article","og_title":"Termine 2025 - Zeitpolster Liechtenstein","og_description":"Wir freuen uns, wenn wir uns mit unseren Helferinnen und Helfern j\u00e4hrlich austauschen k\u00f6nnen. Gelegenheit dazu bieten die Jahresversammlung und unsere Helfendenanl\u00e4sse im Ober- und Unterland. Darum jetzt schon die Termine reservieren: Jahresversammlung: 14. April 2025, 19.00 h, im Lindarank, Schaan Anl\u00e4sse f\u00fcr Helfende: Unterland: 26. Juni 2025Oberland: 27. Juni 2025","og_url":"https:\/\/www.zeitpolster.com\/li\/termine-2025\/","og_site_name":"Zeitpolster Liechtenstein","article_published_time":"2025-02-26T07:38:13+00:00","article_modified_time":"2025-03-07T12:39:32+00:00","og_image":[{"width":2560,"height":1920,"url":"https:\/\/www.zeitpolster.com\/li\/wp-content\/uploads\/sites\/17\/2025\/02\/P1010530-1-scaled.jpg","type":"image\/jpeg"}],"author":"judith oehri","twitter_card":"summary_large_image","twitter_misc":{"Geschrieben von":"judith oehri","Gesch\u00e4tzte Lesezeit":"1\u00a0Minute"},"schema":{"@context":"https:\/\/schema.org","@graph":[{"@type":"Article","@id":"https:\/\/www.zeitpolster.com\/li\/termine-2025\/#article","isPartOf":{"@id":"https:\/\/www.zeitpolster.com\/li\/termine-2025\/"},"author":{"name":"judith oehri","@id":"https:\/\/www.zeitpolster.com\/li\/#\/schema\/person\/18ca77d217029d02cf111d812c9a4a6d"},"headline":"Termine 2025","datePublished":"2025-02-26T07:38:13+00:00","dateModified":"2025-03-07T12:39:32+00:00","mainEntityOfPage":{"@id":"https:\/\/www.zeitpolster.com\/li\/termine-2025\/"},"wordCount":51,"publisher":{"@id":"https:\/\/www.zeitpolster.com\/li\/#organization"},"image":{"@id":"https:\/\/www.zeitpolster.com\/li\/termine-2025\/#primaryimage"},"thumbnailUrl":"https:\/\/www.zeitpolster.com\/li\/wp-content\/uploads\/sites\/17\/2025\/02\/P1010530-1-scaled.jpg","articleSection":["Unkategorisiert"],"inLanguage":"de"},{"@type":"WebPage","@id":"https:\/\/www.zeitpolster.com\/li\/termine-2025\/","url":"https:\/\/www.zeitpolster.com\/li\/termine-2025\/","name":"Termine 2025 - Zeitpolster Liechtenstein","isPartOf":{"@id":"https:\/\/www.zeitpolster.com\/li\/#website"},"primaryImageOfPage":{"@id":"https:\/\/www.zeitpolster.com\/li\/termine-2025\/#primaryimage"},"image":{"@id":"https:\/\/www.zeitpolster.com\/li\/termine-2025\/#primaryimage"},"thumbnailUrl":"https:\/\/www.zeitpolster.com\/li\/wp-content\/uploads\/sites\/17\/2025\/02\/P1010530-1-scaled.jpg","datePublished":"2025-02-26T07:38:13+00:00","dateModified":"2025-03-07T12:39:32+00:00","breadcrumb":{"@id":"https:\/\/www.zeitpolster.com\/li\/termine-2025\/#breadcrumb"},"inLanguage":"de","potentialAction":[{"@type":"ReadAction","target":["https:\/\/www.zeitpolster.com\/li\/termine-2025\/"]}]},{"@type":"ImageObject","inLanguage":"de","@id":"https:\/\/www.zeitpolster.com\/li\/termine-2025\/#primaryimage","url":"https:\/\/www.zeitpolster.com\/li\/wp-content\/uploads\/sites\/17\/2025\/02\/P1010530-1-scaled.jpg","contentUrl":"https:\/\/www.zeitpolster.com\/li\/wp-content\/uploads\/sites\/17\/2025\/02\/P1010530-1-scaled.jpg","width":2560,"height":1920},{"@type":"BreadcrumbList","@id":"https:\/\/www.zeitpolster.com\/li\/termine-2025\/#breadcrumb","itemListElement":[{"@type":"ListItem","position":1,"name":"Startseite","item":"https:\/\/www.zeitpolster.com\/li\/"},{"@type":"ListItem","position":2,"name":"Termine 2025"}]},{"@type":"WebSite","@id":"https:\/\/www.zeitpolster.com\/li\/#website","url":"https:\/\/www.zeitpolster.com\/li\/","name":"Zeitpolster Liechtenstein","description":"Verein f\u00fcr Zeitvorsorge","publisher":{"@id":"https:\/\/www.zeitpolster.com\/li\/#organization"},"potentialAction":[{"@type":"SearchAction","target":{"@type":"EntryPoint","urlTemplate":"https:\/\/www.zeitpolster.com\/li\/?s={search_term_string}"},"query-input":{"@type":"PropertyValueSpecification","valueRequired":true,"valueName":"search_term_string"}}],"inLanguage":"de"},{"@type":"Organization","@id":"https:\/\/www.zeitpolster.com\/li\/#organization","name":"Zeitpolster Liechtenstein","url":"https:\/\/www.zeitpolster.com\/li\/","logo":{"@type":"ImageObject","inLanguage":"de","@id":"https:\/\/www.zeitpolster.com\/li\/#\/schema\/logo\/image\/","url":"https:\/\/www.zeitpolster.com\/li\/wp-content\/uploads\/sites\/17\/2019\/10\/logo_green-2.png","contentUrl":"https:\/\/www.zeitpolster.com\/li\/wp-content\/uploads\/sites\/17\/2019\/10\/logo_green-2.png","width":361,"height":192,"caption":"Zeitpolster Liechtenstein"},"image":{"@id":"https:\/\/www.zeitpolster.com\/li\/#\/schema\/logo\/image\/"}},{"@type":"Person","@id":"https:\/\/www.zeitpolster.com\/li\/#\/schema\/person\/18ca77d217029d02cf111d812c9a4a6d","name":"judith oehri","image":{"@type":"ImageObject","inLanguage":"de","@id":"https:\/\/secure.gravatar.com\/avatar\/32e3f36a87b6bd4424f8e6ddf1488fc4f4c6a9424857c658a124bef13422a81c?s=96&d=mm&r=g","url":"https:\/\/secure.gravatar.com\/avatar\/32e3f36a87b6bd4424f8e6ddf1488fc4f4c6a9424857c658a124bef13422a81c?s=96&d=mm&r=g","contentUrl":"https:\/\/secure.gravatar.com\/avatar\/32e3f36a87b6bd4424f8e6ddf1488fc4f4c6a9424857c658a124bef13422a81c?s=96&d=mm&r=g","caption":"judith oehri"},"url":"https:\/\/www.zeitpolster.com\/li\/author\/judith-oehri\/"}]}},"featured_image_src":"https:\/\/www.zeitpolster.com\/li\/wp-content\/uploads\/sites\/17\/2025\/02\/P1010530-1-600x400.jpg","featured_image_src_square":"https:\/\/www.zeitpolster.com\/li\/wp-content\/uploads\/sites\/17\/2025\/02\/P1010530-1-600x600.jpg","author_info":{"display_name":"judith oehri","author_link":"https:\/\/www.zeitpolster.com\/li\/author\/judith-oehri\/"},"uagb_featured_image_src":{"full":["https:\/\/www.zeitpolster.com\/li\/wp-content\/uploads\/sites\/17\/2025\/02\/P1010530-1-scaled.jpg",2560,1920,false],"thumbnail":["https:\/\/www.zeitpolster.com\/li\/wp-content\/uploads\/sites\/17\/2025\/02\/P1010530-1-150x150.jpg",150,150,true],"medium":["https:\/\/www.zeitpolster.com\/li\/wp-content\/uploads\/sites\/17\/2025\/02\/P1010530-1-300x225.jpg",300,225,true],"medium_large":["https:\/\/www.zeitpolster.com\/li\/wp-content\/uploads\/sites\/17\/2025\/02\/P1010530-1-768x576.jpg",768,576,true],"large":["https:\/\/www.zeitpolster.com\/li\/wp-content\/uploads\/sites\/17\/2025\/02\/P1010530-1-1024x768.jpg",1024,768,true],"1536x1536":["https:\/\/www.zeitpolster.com\/li\/wp-content\/uploads\/sites\/17\/2025\/02\/P1010530-1-1536x1152.jpg",1536,1152,true],"2048x2048":["https:\/\/www.zeitpolster.com\/li\/wp-content\/uploads\/sites\/17\/2025\/02\/P1010530-1-2048x1536.jpg",2048,1536,true],"gb-block-post-grid-landscape":["https:\/\/www.zeitpolster.com\/li\/wp-content\/uploads\/sites\/17\/2025\/02\/P1010530-1-600x400.jpg",600,400,true],"gb-block-post-grid-square":["https:\/\/www.zeitpolster.com\/li\/wp-content\/uploads\/sites\/17\/2025\/02\/P1010530-1-600x600.jpg",600,600,true],"woocommerce_thumbnail":["https:\/\/www.zeitpolster.com\/li\/wp-content\/uploads\/sites\/17\/2025\/02\/P1010530-1-300x225.jpg",300,225,true],"woocommerce_single":["https:\/\/www.zeitpolster.com\/li\/wp-content\/uploads\/sites\/17\/2025\/02\/P1010530-1-600x450.jpg",600,450,true],"woocommerce_gallery_thumbnail":["https:\/\/www.zeitpolster.com\/li\/wp-content\/uploads\/sites\/17\/2025\/02\/P1010530-1-100x100.jpg",100,100,true]},"uagb_author_info":{"display_name":"judith oehri","author_link":"https:\/\/www.zeitpolster.com\/li\/author\/judith-oehri\/"},"uagb_comment_info":0,"uagb_excerpt":"Wir freuen uns, wenn wir uns mit unseren Helferinnen und Helfern j\u00e4hrlich austauschen k\u00f6nnen. Gelegenheit dazu bieten die Jahresversammlung und unsere Helfendenanl\u00e4sse im Ober- und Unterland. Darum jetzt schon die Termine reservieren: Jahresversammlung: 14. April 2025, 19.00 h, im Lindarank, Schaan Anl\u00e4sse f\u00fcr Helfende: Unterland: 26. Juni 2025Oberland: 27. Juni 2025","_links":{"self":[{"href":"https:\/\/www.zeitpolster.com\/li\/wp-json\/wp\/v2\/posts\/6886","targetHints":{"allow":["GET"]}}],"collection":[{"href":"https:\/\/www.zeitpolster.com\/li\/wp-json\/wp\/v2\/posts"}],"about":[{"href":"https:\/\/www.zeitpolster.com\/li\/wp-json\/wp\/v2\/types\/post"}],"author":[{"embeddable":true,"href":"https:\/\/www.zeitpolster.com\/li\/wp-json\/wp\/v2\/users\/6"}],"replies":[{"embeddable":true,"href":"https:\/\/www.zeitpolster.com\/li\/wp-json\/wp\/v2\/comments?post=6886"}],"version-history":[{"count":3,"href":"https:\/\/www.zeitpolster.com\/li\/wp-json\/wp\/v2\/posts\/6886\/revisions"}],"predecessor-version":[{"id":6894,"href":"https:\/\/www.zeitpolster.com\/li\/wp-json\/wp\/v2\/posts\/6886\/revisions\/6894"}],"wp:featuredmedia":[{"embeddable":true,"href":"https:\/\/www.zeitpolster.com\/li\/wp-json\/wp\/v2\/media\/6887"}],"wp:attachment":[{"href":"https:\/\/www.zeitpolster.com\/li\/wp-json\/wp\/v2\/media?parent=6886"}],"wp:term":[{"taxonomy":"category","embeddable":true,"href":"https:\/\/www.zeitpolster.com\/li\/wp-json\/wp\/v2\/categories?post=6886"},{"taxonomy":"post_tag","embeddable":true,"href":"https:\/\/www.zeitpolster.com\/li\/wp-json\/wp\/v2\/tags?post=6886"}],"curies":[{"name":"wp","href":"https:\/\/api.w.org\/{rel}","templated":true}]}}