{"id":6636,"date":"2023-12-14T18:33:15","date_gmt":"2023-12-14T17:33:15","guid":{"rendered":"https:\/\/www.zeitpolster.com\/li\/?p=6636"},"modified":"2023-12-14T18:38:05","modified_gmt":"2023-12-14T17:38:05","slug":"fahrdienst-neue-regelung-ab-1-1-2024","status":"publish","type":"post","link":"https:\/\/www.zeitpolster.com\/li\/fahrdienst-neue-regelung-ab-1-1-2024\/","title":{"rendered":"Fahrdienst &#8211; neue Regelung ab 1.1.2024"},"content":{"rendered":"\n<p>Die hohen Benzinkosten haben die Teammitglieder und auch den Vorstand in den letzten Monaten besch\u00e4ftigt. Insbesondere f\u00fcr l\u00e4ngere Fahrten zu einer regelm\u00e4ssigen Therapie (z.B. Chemotherapie) ist es schwierig, Fahrerinnen und Fahrer zu finden. Wir sind zum Schluss gekommen, dass wir die Praxis in diesem Bereich \u00e4ndern m\u00f6chten. Bisher wurde die Fahrzeit verdreifacht und man erhielt eine entsprechende Zeitgutschrift. Neu werden wir ein Kilometergeld ausbezahlen.<\/p>\n\n\n\n<p><strong>Die Regelung  ist ab 1.1.2024 wie folgt<\/strong>:<\/p>\n\n\n\n<p>Die effektive Fahrzeit soll erfasst werden (1:1) und die gefahrenen Kilometer. Beides kann auf dem gleichen Formular erfasst werden. Das Kilometergeld wird mindestens ein Mal j\u00e4hrlich ausbezahlt. Der Kilometer wird mit CHF 0.50 verg\u00fctet, das entsprechende Spesenreglement wurde von der Liecht. Steuerverwaltung erfreulicherweise im Dezember 2023 genehmigt.<\/p>\n","protected":false},"excerpt":{"rendered":"<p>Die hohen Benzinkosten haben die Teammitglieder und auch den Vorstand in den letzten Monaten besch\u00e4ftigt. Insbesondere f\u00fcr l\u00e4ngere Fahrten zu einer regelm\u00e4ssigen Therapie (z.B. Chemotherapie) ist es schwierig, Fahrerinnen und Fahrer zu finden. Wir sind zum Schluss gekommen, dass wir die Praxis in diesem Bereich \u00e4ndern m\u00f6chten. Bisher wurde die Fahrzeit verdreifacht und man erhielt [&hellip;]<\/p>\n","protected":false},"author":6,"featured_media":6314,"comment_status":"closed","ping_status":"closed","sticky":false,"template":"","format":"standard","meta":{"_bbp_topic_count":0,"_bbp_reply_count":0,"_bbp_total_topic_count":0,"_bbp_total_reply_count":0,"_bbp_voice_count":0,"_bbp_anonymous_reply_count":0,"_bbp_topic_count_hidden":0,"_bbp_reply_count_hidden":0,"_bbp_forum_subforum_count":0,"_uag_custom_page_level_css":"","site-sidebar-layout":"default","site-content-layout":"","ast-site-content-layout":"default","site-content-style":"default","site-sidebar-style":"default","ast-global-header-display":"","ast-banner-title-visibility":"","ast-main-header-display":"","ast-hfb-above-header-display":"","ast-hfb-below-header-display":"","ast-hfb-mobile-header-display":"","site-post-title":"","ast-breadcrumbs-content":"","ast-featured-img":"","footer-sml-layout":"","ast-disable-related-posts":"","theme-transparent-header-meta":"","adv-header-id-meta":"","stick-header-meta":"","header-above-stick-meta":"","header-main-stick-meta":"","header-below-stick-meta":"","astra-migrate-meta-layouts":"set","ast-page-background-enabled":"default","ast-page-background-meta":{"desktop":{"background-color":"","background-image":"","background-repeat":"repeat","background-position":"center center","background-size":"auto","background-attachment":"scroll","background-type":"","background-media":"","overlay-type":"","overlay-color":"","overlay-opacity":"","overlay-gradient":""},"tablet":{"background-color":"","background-image":"","background-repeat":"repeat","background-position":"center center","background-size":"auto","background-attachment":"scroll","background-type":"","background-media":"","overlay-type":"","overlay-color":"","overlay-opacity":"","overlay-gradient":""},"mobile":{"background-color":"","background-image":"","background-repeat":"repeat","background-position":"center center","background-size":"auto","background-attachment":"scroll","background-type":"","background-media":"","overlay-type":"","overlay-color":"","overlay-opacity":"","overlay-gradient":""}},"ast-content-background-meta":{"desktop":{"background-color":"var(--ast-global-color-5)","background-image":"","background-repeat":"repeat","background-position":"center center","background-size":"auto","background-attachment":"scroll","background-type":"","background-media":"","overlay-type":"","overlay-color":"","overlay-opacity":"","overlay-gradient":""},"tablet":{"background-color":"var(--ast-global-color-5)","background-image":"","background-repeat":"repeat","background-position":"center center","background-size":"auto","background-attachment":"scroll","background-type":"","background-media":"","overlay-type":"","overlay-color":"","overlay-opacity":"","overlay-gradient":""},"mobile":{"background-color":"var(--ast-global-color-5)","background-image":"","background-repeat":"repeat","background-position":"center center","background-size":"auto","background-attachment":"scroll","background-type":"","background-media":"","overlay-type":"","overlay-color":"","overlay-opacity":"","overlay-gradient":""}},"footnotes":""},"categories":[1],"tags":[],"class_list":["post-6636","post","type-post","status-publish","format-standard","has-post-thumbnail","hentry","category-unkategorisiert"],"yoast_head":"<!-- This site is optimized with the Yoast SEO plugin v27.5 - https:\/\/yoast.com\/product\/yoast-seo-wordpress\/ -->\n<title>Fahrdienst - neue Regelung ab 1.1.2024 - Zeitpolster Liechtenstein<\/title>\n<meta name=\"robots\" content=\"index, follow, max-snippet:-1, max-image-preview:large, max-video-preview:-1\" \/>\n<link rel=\"canonical\" href=\"https:\/\/www.zeitpolster.com\/li\/fahrdienst-neue-regelung-ab-1-1-2024\/\" \/>\n<meta property=\"og:locale\" content=\"de_DE\" \/>\n<meta property=\"og:type\" content=\"article\" \/>\n<meta property=\"og:title\" content=\"Fahrdienst - neue Regelung ab 1.1.2024 - Zeitpolster Liechtenstein\" \/>\n<meta property=\"og:description\" content=\"Die hohen Benzinkosten haben die Teammitglieder und auch den Vorstand in den letzten Monaten besch\u00e4ftigt. Insbesondere f\u00fcr l\u00e4ngere Fahrten zu einer regelm\u00e4ssigen Therapie (z.B. Chemotherapie) ist es schwierig, Fahrerinnen und Fahrer zu finden. Wir sind zum Schluss gekommen, dass wir die Praxis in diesem Bereich \u00e4ndern m\u00f6chten. Bisher wurde die Fahrzeit verdreifacht und man erhielt [&hellip;]\" \/>\n<meta property=\"og:url\" content=\"https:\/\/www.zeitpolster.com\/li\/fahrdienst-neue-regelung-ab-1-1-2024\/\" \/>\n<meta property=\"og:site_name\" content=\"Zeitpolster Liechtenstein\" \/>\n<meta property=\"article:published_time\" content=\"2023-12-14T17:33:15+00:00\" \/>\n<meta property=\"article:modified_time\" content=\"2023-12-14T17:38:05+00:00\" \/>\n<meta property=\"og:image\" content=\"https:\/\/www.zeitpolster.com\/li\/wp-content\/uploads\/sites\/17\/2023\/06\/2022-05-17-Fotoshooting-Verein-Zeitpolster-Alltagssituationen-Fahrdienst-0059.jpg\" \/>\n\t<meta property=\"og:image:width\" content=\"1024\" \/>\n\t<meta property=\"og:image:height\" content=\"683\" \/>\n\t<meta property=\"og:image:type\" content=\"image\/jpeg\" \/>\n<meta name=\"author\" content=\"judith oehri\" \/>\n<meta name=\"twitter:card\" content=\"summary_large_image\" \/>\n<meta name=\"twitter:label1\" content=\"Geschrieben von\" \/>\n\t<meta name=\"twitter:data1\" content=\"judith oehri\" \/>\n\t<meta name=\"twitter:label2\" content=\"Gesch\u00e4tzte Lesezeit\" \/>\n\t<meta name=\"twitter:data2\" content=\"1\u00a0Minute\" \/>\n<script type=\"application\/ld+json\" class=\"yoast-schema-graph\">{\"@context\":\"https:\\\/\\\/schema.org\",\"@graph\":[{\"@type\":\"Article\",\"@id\":\"https:\\\/\\\/www.zeitpolster.com\\\/li\\\/fahrdienst-neue-regelung-ab-1-1-2024\\\/#article\",\"isPartOf\":{\"@id\":\"https:\\\/\\\/www.zeitpolster.com\\\/li\\\/fahrdienst-neue-regelung-ab-1-1-2024\\\/\"},\"author\":{\"name\":\"judith oehri\",\"@id\":\"https:\\\/\\\/www.zeitpolster.com\\\/li\\\/#\\\/schema\\\/person\\\/18ca77d217029d02cf111d812c9a4a6d\"},\"headline\":\"Fahrdienst &#8211; neue Regelung ab 1.1.2024\",\"datePublished\":\"2023-12-14T17:33:15+00:00\",\"dateModified\":\"2023-12-14T17:38:05+00:00\",\"mainEntityOfPage\":{\"@id\":\"https:\\\/\\\/www.zeitpolster.com\\\/li\\\/fahrdienst-neue-regelung-ab-1-1-2024\\\/\"},\"wordCount\":127,\"publisher\":{\"@id\":\"https:\\\/\\\/www.zeitpolster.com\\\/li\\\/#organization\"},\"image\":{\"@id\":\"https:\\\/\\\/www.zeitpolster.com\\\/li\\\/fahrdienst-neue-regelung-ab-1-1-2024\\\/#primaryimage\"},\"thumbnailUrl\":\"https:\\\/\\\/www.zeitpolster.com\\\/li\\\/wp-content\\\/uploads\\\/sites\\\/17\\\/2023\\\/06\\\/2022-05-17-Fotoshooting-Verein-Zeitpolster-Alltagssituationen-Fahrdienst-0059.jpg\",\"articleSection\":[\"Unkategorisiert\"],\"inLanguage\":\"de\"},{\"@type\":\"WebPage\",\"@id\":\"https:\\\/\\\/www.zeitpolster.com\\\/li\\\/fahrdienst-neue-regelung-ab-1-1-2024\\\/\",\"url\":\"https:\\\/\\\/www.zeitpolster.com\\\/li\\\/fahrdienst-neue-regelung-ab-1-1-2024\\\/\",\"name\":\"Fahrdienst - neue Regelung ab 1.1.2024 - Zeitpolster Liechtenstein\",\"isPartOf\":{\"@id\":\"https:\\\/\\\/www.zeitpolster.com\\\/li\\\/#website\"},\"primaryImageOfPage\":{\"@id\":\"https:\\\/\\\/www.zeitpolster.com\\\/li\\\/fahrdienst-neue-regelung-ab-1-1-2024\\\/#primaryimage\"},\"image\":{\"@id\":\"https:\\\/\\\/www.zeitpolster.com\\\/li\\\/fahrdienst-neue-regelung-ab-1-1-2024\\\/#primaryimage\"},\"thumbnailUrl\":\"https:\\\/\\\/www.zeitpolster.com\\\/li\\\/wp-content\\\/uploads\\\/sites\\\/17\\\/2023\\\/06\\\/2022-05-17-Fotoshooting-Verein-Zeitpolster-Alltagssituationen-Fahrdienst-0059.jpg\",\"datePublished\":\"2023-12-14T17:33:15+00:00\",\"dateModified\":\"2023-12-14T17:38:05+00:00\",\"breadcrumb\":{\"@id\":\"https:\\\/\\\/www.zeitpolster.com\\\/li\\\/fahrdienst-neue-regelung-ab-1-1-2024\\\/#breadcrumb\"},\"inLanguage\":\"de\",\"potentialAction\":[{\"@type\":\"ReadAction\",\"target\":[\"https:\\\/\\\/www.zeitpolster.com\\\/li\\\/fahrdienst-neue-regelung-ab-1-1-2024\\\/\"]}]},{\"@type\":\"ImageObject\",\"inLanguage\":\"de\",\"@id\":\"https:\\\/\\\/www.zeitpolster.com\\\/li\\\/fahrdienst-neue-regelung-ab-1-1-2024\\\/#primaryimage\",\"url\":\"https:\\\/\\\/www.zeitpolster.com\\\/li\\\/wp-content\\\/uploads\\\/sites\\\/17\\\/2023\\\/06\\\/2022-05-17-Fotoshooting-Verein-Zeitpolster-Alltagssituationen-Fahrdienst-0059.jpg\",\"contentUrl\":\"https:\\\/\\\/www.zeitpolster.com\\\/li\\\/wp-content\\\/uploads\\\/sites\\\/17\\\/2023\\\/06\\\/2022-05-17-Fotoshooting-Verein-Zeitpolster-Alltagssituationen-Fahrdienst-0059.jpg\",\"width\":1024,\"height\":683},{\"@type\":\"BreadcrumbList\",\"@id\":\"https:\\\/\\\/www.zeitpolster.com\\\/li\\\/fahrdienst-neue-regelung-ab-1-1-2024\\\/#breadcrumb\",\"itemListElement\":[{\"@type\":\"ListItem\",\"position\":1,\"name\":\"Startseite\",\"item\":\"https:\\\/\\\/www.zeitpolster.com\\\/li\\\/\"},{\"@type\":\"ListItem\",\"position\":2,\"name\":\"Fahrdienst &#8211; neue Regelung ab 1.1.2024\"}]},{\"@type\":\"WebSite\",\"@id\":\"https:\\\/\\\/www.zeitpolster.com\\\/li\\\/#website\",\"url\":\"https:\\\/\\\/www.zeitpolster.com\\\/li\\\/\",\"name\":\"Zeitpolster Liechtenstein\",\"description\":\"Verein f\u00fcr Zeitvorsorge\",\"publisher\":{\"@id\":\"https:\\\/\\\/www.zeitpolster.com\\\/li\\\/#organization\"},\"potentialAction\":[{\"@type\":\"SearchAction\",\"target\":{\"@type\":\"EntryPoint\",\"urlTemplate\":\"https:\\\/\\\/www.zeitpolster.com\\\/li\\\/?s={search_term_string}\"},\"query-input\":{\"@type\":\"PropertyValueSpecification\",\"valueRequired\":true,\"valueName\":\"search_term_string\"}}],\"inLanguage\":\"de\"},{\"@type\":\"Organization\",\"@id\":\"https:\\\/\\\/www.zeitpolster.com\\\/li\\\/#organization\",\"name\":\"Zeitpolster Liechtenstein\",\"url\":\"https:\\\/\\\/www.zeitpolster.com\\\/li\\\/\",\"logo\":{\"@type\":\"ImageObject\",\"inLanguage\":\"de\",\"@id\":\"https:\\\/\\\/www.zeitpolster.com\\\/li\\\/#\\\/schema\\\/logo\\\/image\\\/\",\"url\":\"https:\\\/\\\/www.zeitpolster.com\\\/li\\\/wp-content\\\/uploads\\\/sites\\\/17\\\/2019\\\/10\\\/logo_green-2.png\",\"contentUrl\":\"https:\\\/\\\/www.zeitpolster.com\\\/li\\\/wp-content\\\/uploads\\\/sites\\\/17\\\/2019\\\/10\\\/logo_green-2.png\",\"width\":361,\"height\":192,\"caption\":\"Zeitpolster Liechtenstein\"},\"image\":{\"@id\":\"https:\\\/\\\/www.zeitpolster.com\\\/li\\\/#\\\/schema\\\/logo\\\/image\\\/\"}},{\"@type\":\"Person\",\"@id\":\"https:\\\/\\\/www.zeitpolster.com\\\/li\\\/#\\\/schema\\\/person\\\/18ca77d217029d02cf111d812c9a4a6d\",\"name\":\"judith oehri\",\"image\":{\"@type\":\"ImageObject\",\"inLanguage\":\"de\",\"@id\":\"https:\\\/\\\/secure.gravatar.com\\\/avatar\\\/32e3f36a87b6bd4424f8e6ddf1488fc4f4c6a9424857c658a124bef13422a81c?s=96&d=mm&r=g\",\"url\":\"https:\\\/\\\/secure.gravatar.com\\\/avatar\\\/32e3f36a87b6bd4424f8e6ddf1488fc4f4c6a9424857c658a124bef13422a81c?s=96&d=mm&r=g\",\"contentUrl\":\"https:\\\/\\\/secure.gravatar.com\\\/avatar\\\/32e3f36a87b6bd4424f8e6ddf1488fc4f4c6a9424857c658a124bef13422a81c?s=96&d=mm&r=g\",\"caption\":\"judith oehri\"},\"url\":\"https:\\\/\\\/www.zeitpolster.com\\\/li\\\/author\\\/judith-oehri\\\/\"}]}<\/script>\n<!-- \/ Yoast SEO plugin. -->","yoast_head_json":{"title":"Fahrdienst - neue Regelung ab 1.1.2024 - Zeitpolster Liechtenstein","robots":{"index":"index","follow":"follow","max-snippet":"max-snippet:-1","max-image-preview":"max-image-preview:large","max-video-preview":"max-video-preview:-1"},"canonical":"https:\/\/www.zeitpolster.com\/li\/fahrdienst-neue-regelung-ab-1-1-2024\/","og_locale":"de_DE","og_type":"article","og_title":"Fahrdienst - neue Regelung ab 1.1.2024 - Zeitpolster Liechtenstein","og_description":"Die hohen Benzinkosten haben die Teammitglieder und auch den Vorstand in den letzten Monaten besch\u00e4ftigt. Insbesondere f\u00fcr l\u00e4ngere Fahrten zu einer regelm\u00e4ssigen Therapie (z.B. Chemotherapie) ist es schwierig, Fahrerinnen und Fahrer zu finden. Wir sind zum Schluss gekommen, dass wir die Praxis in diesem Bereich \u00e4ndern m\u00f6chten. Bisher wurde die Fahrzeit verdreifacht und man erhielt [&hellip;]","og_url":"https:\/\/www.zeitpolster.com\/li\/fahrdienst-neue-regelung-ab-1-1-2024\/","og_site_name":"Zeitpolster Liechtenstein","article_published_time":"2023-12-14T17:33:15+00:00","article_modified_time":"2023-12-14T17:38:05+00:00","og_image":[{"width":1024,"height":683,"url":"https:\/\/www.zeitpolster.com\/li\/wp-content\/uploads\/sites\/17\/2023\/06\/2022-05-17-Fotoshooting-Verein-Zeitpolster-Alltagssituationen-Fahrdienst-0059.jpg","type":"image\/jpeg"}],"author":"judith oehri","twitter_card":"summary_large_image","twitter_misc":{"Geschrieben von":"judith oehri","Gesch\u00e4tzte Lesezeit":"1\u00a0Minute"},"schema":{"@context":"https:\/\/schema.org","@graph":[{"@type":"Article","@id":"https:\/\/www.zeitpolster.com\/li\/fahrdienst-neue-regelung-ab-1-1-2024\/#article","isPartOf":{"@id":"https:\/\/www.zeitpolster.com\/li\/fahrdienst-neue-regelung-ab-1-1-2024\/"},"author":{"name":"judith oehri","@id":"https:\/\/www.zeitpolster.com\/li\/#\/schema\/person\/18ca77d217029d02cf111d812c9a4a6d"},"headline":"Fahrdienst &#8211; neue Regelung ab 1.1.2024","datePublished":"2023-12-14T17:33:15+00:00","dateModified":"2023-12-14T17:38:05+00:00","mainEntityOfPage":{"@id":"https:\/\/www.zeitpolster.com\/li\/fahrdienst-neue-regelung-ab-1-1-2024\/"},"wordCount":127,"publisher":{"@id":"https:\/\/www.zeitpolster.com\/li\/#organization"},"image":{"@id":"https:\/\/www.zeitpolster.com\/li\/fahrdienst-neue-regelung-ab-1-1-2024\/#primaryimage"},"thumbnailUrl":"https:\/\/www.zeitpolster.com\/li\/wp-content\/uploads\/sites\/17\/2023\/06\/2022-05-17-Fotoshooting-Verein-Zeitpolster-Alltagssituationen-Fahrdienst-0059.jpg","articleSection":["Unkategorisiert"],"inLanguage":"de"},{"@type":"WebPage","@id":"https:\/\/www.zeitpolster.com\/li\/fahrdienst-neue-regelung-ab-1-1-2024\/","url":"https:\/\/www.zeitpolster.com\/li\/fahrdienst-neue-regelung-ab-1-1-2024\/","name":"Fahrdienst - neue Regelung ab 1.1.2024 - Zeitpolster Liechtenstein","isPartOf":{"@id":"https:\/\/www.zeitpolster.com\/li\/#website"},"primaryImageOfPage":{"@id":"https:\/\/www.zeitpolster.com\/li\/fahrdienst-neue-regelung-ab-1-1-2024\/#primaryimage"},"image":{"@id":"https:\/\/www.zeitpolster.com\/li\/fahrdienst-neue-regelung-ab-1-1-2024\/#primaryimage"},"thumbnailUrl":"https:\/\/www.zeitpolster.com\/li\/wp-content\/uploads\/sites\/17\/2023\/06\/2022-05-17-Fotoshooting-Verein-Zeitpolster-Alltagssituationen-Fahrdienst-0059.jpg","datePublished":"2023-12-14T17:33:15+00:00","dateModified":"2023-12-14T17:38:05+00:00","breadcrumb":{"@id":"https:\/\/www.zeitpolster.com\/li\/fahrdienst-neue-regelung-ab-1-1-2024\/#breadcrumb"},"inLanguage":"de","potentialAction":[{"@type":"ReadAction","target":["https:\/\/www.zeitpolster.com\/li\/fahrdienst-neue-regelung-ab-1-1-2024\/"]}]},{"@type":"ImageObject","inLanguage":"de","@id":"https:\/\/www.zeitpolster.com\/li\/fahrdienst-neue-regelung-ab-1-1-2024\/#primaryimage","url":"https:\/\/www.zeitpolster.com\/li\/wp-content\/uploads\/sites\/17\/2023\/06\/2022-05-17-Fotoshooting-Verein-Zeitpolster-Alltagssituationen-Fahrdienst-0059.jpg","contentUrl":"https:\/\/www.zeitpolster.com\/li\/wp-content\/uploads\/sites\/17\/2023\/06\/2022-05-17-Fotoshooting-Verein-Zeitpolster-Alltagssituationen-Fahrdienst-0059.jpg","width":1024,"height":683},{"@type":"BreadcrumbList","@id":"https:\/\/www.zeitpolster.com\/li\/fahrdienst-neue-regelung-ab-1-1-2024\/#breadcrumb","itemListElement":[{"@type":"ListItem","position":1,"name":"Startseite","item":"https:\/\/www.zeitpolster.com\/li\/"},{"@type":"ListItem","position":2,"name":"Fahrdienst &#8211; neue Regelung ab 1.1.2024"}]},{"@type":"WebSite","@id":"https:\/\/www.zeitpolster.com\/li\/#website","url":"https:\/\/www.zeitpolster.com\/li\/","name":"Zeitpolster Liechtenstein","description":"Verein f\u00fcr Zeitvorsorge","publisher":{"@id":"https:\/\/www.zeitpolster.com\/li\/#organization"},"potentialAction":[{"@type":"SearchAction","target":{"@type":"EntryPoint","urlTemplate":"https:\/\/www.zeitpolster.com\/li\/?s={search_term_string}"},"query-input":{"@type":"PropertyValueSpecification","valueRequired":true,"valueName":"search_term_string"}}],"inLanguage":"de"},{"@type":"Organization","@id":"https:\/\/www.zeitpolster.com\/li\/#organization","name":"Zeitpolster Liechtenstein","url":"https:\/\/www.zeitpolster.com\/li\/","logo":{"@type":"ImageObject","inLanguage":"de","@id":"https:\/\/www.zeitpolster.com\/li\/#\/schema\/logo\/image\/","url":"https:\/\/www.zeitpolster.com\/li\/wp-content\/uploads\/sites\/17\/2019\/10\/logo_green-2.png","contentUrl":"https:\/\/www.zeitpolster.com\/li\/wp-content\/uploads\/sites\/17\/2019\/10\/logo_green-2.png","width":361,"height":192,"caption":"Zeitpolster Liechtenstein"},"image":{"@id":"https:\/\/www.zeitpolster.com\/li\/#\/schema\/logo\/image\/"}},{"@type":"Person","@id":"https:\/\/www.zeitpolster.com\/li\/#\/schema\/person\/18ca77d217029d02cf111d812c9a4a6d","name":"judith oehri","image":{"@type":"ImageObject","inLanguage":"de","@id":"https:\/\/secure.gravatar.com\/avatar\/32e3f36a87b6bd4424f8e6ddf1488fc4f4c6a9424857c658a124bef13422a81c?s=96&d=mm&r=g","url":"https:\/\/secure.gravatar.com\/avatar\/32e3f36a87b6bd4424f8e6ddf1488fc4f4c6a9424857c658a124bef13422a81c?s=96&d=mm&r=g","contentUrl":"https:\/\/secure.gravatar.com\/avatar\/32e3f36a87b6bd4424f8e6ddf1488fc4f4c6a9424857c658a124bef13422a81c?s=96&d=mm&r=g","caption":"judith oehri"},"url":"https:\/\/www.zeitpolster.com\/li\/author\/judith-oehri\/"}]}},"featured_image_src":"https:\/\/www.zeitpolster.com\/li\/wp-content\/uploads\/sites\/17\/2023\/06\/2022-05-17-Fotoshooting-Verein-Zeitpolster-Alltagssituationen-Fahrdienst-0059-600x400.jpg","featured_image_src_square":"https:\/\/www.zeitpolster.com\/li\/wp-content\/uploads\/sites\/17\/2023\/06\/2022-05-17-Fotoshooting-Verein-Zeitpolster-Alltagssituationen-Fahrdienst-0059-600x600.jpg","author_info":{"display_name":"judith oehri","author_link":"https:\/\/www.zeitpolster.com\/li\/author\/judith-oehri\/"},"uagb_featured_image_src":{"full":["https:\/\/www.zeitpolster.com\/li\/wp-content\/uploads\/sites\/17\/2023\/06\/2022-05-17-Fotoshooting-Verein-Zeitpolster-Alltagssituationen-Fahrdienst-0059.jpg",1024,683,false],"thumbnail":["https:\/\/www.zeitpolster.com\/li\/wp-content\/uploads\/sites\/17\/2023\/06\/2022-05-17-Fotoshooting-Verein-Zeitpolster-Alltagssituationen-Fahrdienst-0059-150x150.jpg",150,150,true],"medium":["https:\/\/www.zeitpolster.com\/li\/wp-content\/uploads\/sites\/17\/2023\/06\/2022-05-17-Fotoshooting-Verein-Zeitpolster-Alltagssituationen-Fahrdienst-0059-300x200.jpg",300,200,true],"medium_large":["https:\/\/www.zeitpolster.com\/li\/wp-content\/uploads\/sites\/17\/2023\/06\/2022-05-17-Fotoshooting-Verein-Zeitpolster-Alltagssituationen-Fahrdienst-0059-768x512.jpg",768,512,true],"large":["https:\/\/www.zeitpolster.com\/li\/wp-content\/uploads\/sites\/17\/2023\/06\/2022-05-17-Fotoshooting-Verein-Zeitpolster-Alltagssituationen-Fahrdienst-0059.jpg",1024,683,false],"1536x1536":["https:\/\/www.zeitpolster.com\/li\/wp-content\/uploads\/sites\/17\/2023\/06\/2022-05-17-Fotoshooting-Verein-Zeitpolster-Alltagssituationen-Fahrdienst-0059.jpg",1024,683,false],"2048x2048":["https:\/\/www.zeitpolster.com\/li\/wp-content\/uploads\/sites\/17\/2023\/06\/2022-05-17-Fotoshooting-Verein-Zeitpolster-Alltagssituationen-Fahrdienst-0059.jpg",1024,683,false],"gb-block-post-grid-landscape":["https:\/\/www.zeitpolster.com\/li\/wp-content\/uploads\/sites\/17\/2023\/06\/2022-05-17-Fotoshooting-Verein-Zeitpolster-Alltagssituationen-Fahrdienst-0059-600x400.jpg",600,400,true],"gb-block-post-grid-square":["https:\/\/www.zeitpolster.com\/li\/wp-content\/uploads\/sites\/17\/2023\/06\/2022-05-17-Fotoshooting-Verein-Zeitpolster-Alltagssituationen-Fahrdienst-0059-600x600.jpg",600,600,true],"woocommerce_thumbnail":["https:\/\/www.zeitpolster.com\/li\/wp-content\/uploads\/sites\/17\/2023\/06\/2022-05-17-Fotoshooting-Verein-Zeitpolster-Alltagssituationen-Fahrdienst-0059-300x200.jpg",300,200,true],"woocommerce_single":["https:\/\/www.zeitpolster.com\/li\/wp-content\/uploads\/sites\/17\/2023\/06\/2022-05-17-Fotoshooting-Verein-Zeitpolster-Alltagssituationen-Fahrdienst-0059-600x400.jpg",600,400,true],"woocommerce_gallery_thumbnail":["https:\/\/www.zeitpolster.com\/li\/wp-content\/uploads\/sites\/17\/2023\/06\/2022-05-17-Fotoshooting-Verein-Zeitpolster-Alltagssituationen-Fahrdienst-0059-100x100.jpg",100,100,true]},"uagb_author_info":{"display_name":"judith oehri","author_link":"https:\/\/www.zeitpolster.com\/li\/author\/judith-oehri\/"},"uagb_comment_info":0,"uagb_excerpt":"Die hohen Benzinkosten haben die Teammitglieder und auch den Vorstand in den letzten Monaten besch\u00e4ftigt. Insbesondere f\u00fcr l\u00e4ngere Fahrten zu einer regelm\u00e4ssigen Therapie (z.B. Chemotherapie) ist es schwierig, Fahrerinnen und Fahrer zu finden. Wir sind zum Schluss gekommen, dass wir die Praxis in diesem Bereich \u00e4ndern m\u00f6chten. Bisher wurde die Fahrzeit verdreifacht und man erhielt&hellip;","_links":{"self":[{"href":"https:\/\/www.zeitpolster.com\/li\/wp-json\/wp\/v2\/posts\/6636","targetHints":{"allow":["GET"]}}],"collection":[{"href":"https:\/\/www.zeitpolster.com\/li\/wp-json\/wp\/v2\/posts"}],"about":[{"href":"https:\/\/www.zeitpolster.com\/li\/wp-json\/wp\/v2\/types\/post"}],"author":[{"embeddable":true,"href":"https:\/\/www.zeitpolster.com\/li\/wp-json\/wp\/v2\/users\/6"}],"replies":[{"embeddable":true,"href":"https:\/\/www.zeitpolster.com\/li\/wp-json\/wp\/v2\/comments?post=6636"}],"version-history":[{"count":3,"href":"https:\/\/www.zeitpolster.com\/li\/wp-json\/wp\/v2\/posts\/6636\/revisions"}],"predecessor-version":[{"id":6639,"href":"https:\/\/www.zeitpolster.com\/li\/wp-json\/wp\/v2\/posts\/6636\/revisions\/6639"}],"wp:featuredmedia":[{"embeddable":true,"href":"https:\/\/www.zeitpolster.com\/li\/wp-json\/wp\/v2\/media\/6314"}],"wp:attachment":[{"href":"https:\/\/www.zeitpolster.com\/li\/wp-json\/wp\/v2\/media?parent=6636"}],"wp:term":[{"taxonomy":"category","embeddable":true,"href":"https:\/\/www.zeitpolster.com\/li\/wp-json\/wp\/v2\/categories?post=6636"},{"taxonomy":"post_tag","embeddable":true,"href":"https:\/\/www.zeitpolster.com\/li\/wp-json\/wp\/v2\/tags?post=6636"}],"curies":[{"name":"wp","href":"https:\/\/api.w.org\/{rel}","templated":true}]}}