{"id":6311,"date":"2023-06-14T21:55:57","date_gmt":"2023-06-14T19:55:57","guid":{"rendered":"https:\/\/www.zeitpolster.com\/li\/?p=6311"},"modified":"2023-06-14T22:18:05","modified_gmt":"2023-06-14T20:18:05","slug":"helferanlass-im-oberland-am-29-juni-2023","status":"publish","type":"post","link":"https:\/\/www.zeitpolster.com\/li\/helferanlass-im-oberland-am-29-juni-2023\/","title":{"rendered":"Helferanlass im Oberland am 29. Juni 2023"},"content":{"rendered":"\n<p>Bis heute sind in Liechtenstein bereits ca. 200 Helfende bei \u00abZeitpolster\u00bb registriert. Ohne die freiwillige Mitarbeit dieser w\u00e4re eine Bedienung der mittlerweile ca. 170 Betreuten gar nicht m\u00f6glich.<\/p>\n\n\n\n<p>Daf\u00fcr m\u00f6chte das Team Oberland ein herzliches Dankesch\u00f6n sagen!<\/p>\n\n\n\n<p>An diesem Anlass besteht die M\u00f6glichkeit, neueste Informationen zu erhalten, Fragen zu stellen, auch andere Helfende von Zeitpolster kennenzulernen, mit ihnen Erfahrungen auszutauschen und ein paar gesellige Stunden zu verbringen.<\/p>\n\n\n\n<p>Ab<strong> 17.30<\/strong> <strong>Uhr<\/strong> heissen wir euch bei einem Welcome Drink im Gasometer herzlich willkommen!<\/p>\n\n\n\n<p><strong>18<\/strong> <strong>Uhr<\/strong><\/p>\n\n\n\n<p>Besichtigung und F\u00fchrung durch die aktuelle Ausstellung im Gasometer durch Petra B\u00fcchel.<\/p>\n\n\n\n<p>Farbenfrohe Werke von zeitgen\u00f6ssischen brasilianischen K\u00fcnstlerinnen und K\u00fcnstler zeigen die Lebensfreude und die Bedeutung, die das Fussballspielen in Brasilien hat.<\/p>\n\n\n\n<p><strong>19 Uhr<\/strong><\/p>\n\n\n\n<p>Wir begeben wir uns zum <strong>Caf\u00e9 Ludwigs <\/strong>beim Sonnenplatz (5 Gehminuten)<\/p>\n\n\n\n<p>Vorstandspr\u00e4sident Ewald Ospelt und Gesch\u00e4ftsf\u00fchrerin Judith \u00d6hri begr\u00fcssen die Teilnehmenden und geben einen kurzen \u00dcberblick \u00fcber das vergangene Vereinsjahr.<\/p>\n\n\n\n<p>Anschliessend bietet sich die Gelegenheit zu einem Dialog unter den Teilnehmenden. Wir hoffen, dass sich alle bei einem Imbiss gut unterhalten werden.<\/p>\n\n\n\n<p>Unser Treffpunkt ist mit den \u00f6ffentlichen Verkehrsmitteln sehr gut erreichbar (Haltestelle \u00abSonnenplatz\u00bb Triesen)&nbsp;<\/p>\n\n\n\n<p>Gratis-Parkpl\u00e4tze gibt es gen\u00fcgend oberhalb der Sp\u00f6rry Fabrik\/Gasometer oder in der Parkgarage beim Sonnenplatz.<\/p>\n\n\n\n<p><br><strong> <u>Anmeldung bis Freitag, 23. Juni 2023<\/u> per Mail an <\/strong><a href=\"mailto:schatzmann@adon.li\"><strong>schatzmann@adon.li<\/strong><\/a> <strong>oder telefonisch 079 4691297<\/strong><\/p>\n","protected":false},"excerpt":{"rendered":"<p>Bis heute sind in Liechtenstein bereits ca. 200 Helfende bei \u00abZeitpolster\u00bb registriert. Ohne die freiwillige Mitarbeit dieser w\u00e4re eine Bedienung der mittlerweile ca. 170 Betreuten gar nicht m\u00f6glich. Daf\u00fcr m\u00f6chte das Team Oberland ein herzliches Dankesch\u00f6n sagen! An diesem Anlass besteht die M\u00f6glichkeit, neueste Informationen zu erhalten, Fragen zu stellen, auch andere Helfende von Zeitpolster [&hellip;]<\/p>\n","protected":false},"author":6,"featured_media":5788,"comment_status":"closed","ping_status":"closed","sticky":false,"template":"","format":"standard","meta":{"_bbp_topic_count":0,"_bbp_reply_count":0,"_bbp_total_topic_count":0,"_bbp_total_reply_count":0,"_bbp_voice_count":0,"_bbp_anonymous_reply_count":0,"_bbp_topic_count_hidden":0,"_bbp_reply_count_hidden":0,"_bbp_forum_subforum_count":0,"_uag_custom_page_level_css":"","site-sidebar-layout":"default","site-content-layout":"","ast-site-content-layout":"default","site-content-style":"default","site-sidebar-style":"default","ast-global-header-display":"","ast-banner-title-visibility":"","ast-main-header-display":"","ast-hfb-above-header-display":"","ast-hfb-below-header-display":"","ast-hfb-mobile-header-display":"","site-post-title":"","ast-breadcrumbs-content":"","ast-featured-img":"","footer-sml-layout":"","ast-disable-related-posts":"","theme-transparent-header-meta":"","adv-header-id-meta":"","stick-header-meta":"","header-above-stick-meta":"","header-main-stick-meta":"","header-below-stick-meta":"","astra-migrate-meta-layouts":"default","ast-page-background-enabled":"default","ast-page-background-meta":{"desktop":{"background-color":"","background-image":"","background-repeat":"repeat","background-position":"center center","background-size":"auto","background-attachment":"scroll","background-type":"","background-media":"","overlay-type":"","overlay-color":"","overlay-opacity":"","overlay-gradient":""},"tablet":{"background-color":"","background-image":"","background-repeat":"repeat","background-position":"center center","background-size":"auto","background-attachment":"scroll","background-type":"","background-media":"","overlay-type":"","overlay-color":"","overlay-opacity":"","overlay-gradient":""},"mobile":{"background-color":"","background-image":"","background-repeat":"repeat","background-position":"center center","background-size":"auto","background-attachment":"scroll","background-type":"","background-media":"","overlay-type":"","overlay-color":"","overlay-opacity":"","overlay-gradient":""}},"ast-content-background-meta":{"desktop":{"background-color":"var(--ast-global-color-5)","background-image":"","background-repeat":"repeat","background-position":"center center","background-size":"auto","background-attachment":"scroll","background-type":"","background-media":"","overlay-type":"","overlay-color":"","overlay-opacity":"","overlay-gradient":""},"tablet":{"background-color":"var(--ast-global-color-5)","background-image":"","background-repeat":"repeat","background-position":"center center","background-size":"auto","background-attachment":"scroll","background-type":"","background-media":"","overlay-type":"","overlay-color":"","overlay-opacity":"","overlay-gradient":""},"mobile":{"background-color":"var(--ast-global-color-5)","background-image":"","background-repeat":"repeat","background-position":"center center","background-size":"auto","background-attachment":"scroll","background-type":"","background-media":"","overlay-type":"","overlay-color":"","overlay-opacity":"","overlay-gradient":""}},"footnotes":""},"categories":[1],"tags":[],"class_list":["post-6311","post","type-post","status-publish","format-standard","has-post-thumbnail","hentry","category-unkategorisiert"],"yoast_head":"<!-- This site is optimized with the Yoast SEO plugin v27.5 - https:\/\/yoast.com\/product\/yoast-seo-wordpress\/ -->\n<title>Helferanlass im Oberland am 29. Juni 2023 - Zeitpolster Liechtenstein<\/title>\n<meta name=\"robots\" content=\"index, follow, max-snippet:-1, max-image-preview:large, max-video-preview:-1\" \/>\n<link rel=\"canonical\" href=\"https:\/\/www.zeitpolster.com\/li\/helferanlass-im-oberland-am-29-juni-2023\/\" \/>\n<meta property=\"og:locale\" content=\"de_DE\" \/>\n<meta property=\"og:type\" content=\"article\" \/>\n<meta property=\"og:title\" content=\"Helferanlass im Oberland am 29. Juni 2023 - Zeitpolster Liechtenstein\" \/>\n<meta property=\"og:description\" content=\"Bis heute sind in Liechtenstein bereits ca. 200 Helfende bei \u00abZeitpolster\u00bb registriert. Ohne die freiwillige Mitarbeit dieser w\u00e4re eine Bedienung der mittlerweile ca. 170 Betreuten gar nicht m\u00f6glich. Daf\u00fcr m\u00f6chte das Team Oberland ein herzliches Dankesch\u00f6n sagen! An diesem Anlass besteht die M\u00f6glichkeit, neueste Informationen zu erhalten, Fragen zu stellen, auch andere Helfende von Zeitpolster [&hellip;]\" \/>\n<meta property=\"og:url\" content=\"https:\/\/www.zeitpolster.com\/li\/helferanlass-im-oberland-am-29-juni-2023\/\" \/>\n<meta property=\"og:site_name\" content=\"Zeitpolster Liechtenstein\" \/>\n<meta property=\"article:published_time\" content=\"2023-06-14T19:55:57+00:00\" \/>\n<meta property=\"article:modified_time\" content=\"2023-06-14T20:18:05+00:00\" \/>\n<meta property=\"og:image\" content=\"https:\/\/www.zeitpolster.com\/li\/wp-content\/uploads\/sites\/17\/2022\/07\/2022-05-19-Verein-Zeitpolster-Team-Oberland-0063-2048x1365-1.jpg\" \/>\n\t<meta property=\"og:image:width\" content=\"2048\" \/>\n\t<meta property=\"og:image:height\" content=\"1365\" \/>\n\t<meta property=\"og:image:type\" content=\"image\/jpeg\" \/>\n<meta name=\"author\" content=\"judith oehri\" \/>\n<meta name=\"twitter:card\" content=\"summary_large_image\" \/>\n<meta name=\"twitter:label1\" content=\"Geschrieben von\" \/>\n\t<meta name=\"twitter:data1\" content=\"judith oehri\" \/>\n\t<meta name=\"twitter:label2\" content=\"Gesch\u00e4tzte Lesezeit\" \/>\n\t<meta name=\"twitter:data2\" content=\"1\u00a0Minute\" \/>\n<script type=\"application\/ld+json\" class=\"yoast-schema-graph\">{\"@context\":\"https:\\\/\\\/schema.org\",\"@graph\":[{\"@type\":\"Article\",\"@id\":\"https:\\\/\\\/www.zeitpolster.com\\\/li\\\/helferanlass-im-oberland-am-29-juni-2023\\\/#article\",\"isPartOf\":{\"@id\":\"https:\\\/\\\/www.zeitpolster.com\\\/li\\\/helferanlass-im-oberland-am-29-juni-2023\\\/\"},\"author\":{\"name\":\"judith oehri\",\"@id\":\"https:\\\/\\\/www.zeitpolster.com\\\/li\\\/#\\\/schema\\\/person\\\/18ca77d217029d02cf111d812c9a4a6d\"},\"headline\":\"Helferanlass im Oberland am 29. Juni 2023\",\"datePublished\":\"2023-06-14T19:55:57+00:00\",\"dateModified\":\"2023-06-14T20:18:05+00:00\",\"mainEntityOfPage\":{\"@id\":\"https:\\\/\\\/www.zeitpolster.com\\\/li\\\/helferanlass-im-oberland-am-29-juni-2023\\\/\"},\"wordCount\":227,\"publisher\":{\"@id\":\"https:\\\/\\\/www.zeitpolster.com\\\/li\\\/#organization\"},\"image\":{\"@id\":\"https:\\\/\\\/www.zeitpolster.com\\\/li\\\/helferanlass-im-oberland-am-29-juni-2023\\\/#primaryimage\"},\"thumbnailUrl\":\"https:\\\/\\\/www.zeitpolster.com\\\/li\\\/wp-content\\\/uploads\\\/sites\\\/17\\\/2022\\\/07\\\/2022-05-19-Verein-Zeitpolster-Team-Oberland-0063-2048x1365-1.jpg\",\"articleSection\":[\"Unkategorisiert\"],\"inLanguage\":\"de\"},{\"@type\":\"WebPage\",\"@id\":\"https:\\\/\\\/www.zeitpolster.com\\\/li\\\/helferanlass-im-oberland-am-29-juni-2023\\\/\",\"url\":\"https:\\\/\\\/www.zeitpolster.com\\\/li\\\/helferanlass-im-oberland-am-29-juni-2023\\\/\",\"name\":\"Helferanlass im Oberland am 29. Juni 2023 - Zeitpolster Liechtenstein\",\"isPartOf\":{\"@id\":\"https:\\\/\\\/www.zeitpolster.com\\\/li\\\/#website\"},\"primaryImageOfPage\":{\"@id\":\"https:\\\/\\\/www.zeitpolster.com\\\/li\\\/helferanlass-im-oberland-am-29-juni-2023\\\/#primaryimage\"},\"image\":{\"@id\":\"https:\\\/\\\/www.zeitpolster.com\\\/li\\\/helferanlass-im-oberland-am-29-juni-2023\\\/#primaryimage\"},\"thumbnailUrl\":\"https:\\\/\\\/www.zeitpolster.com\\\/li\\\/wp-content\\\/uploads\\\/sites\\\/17\\\/2022\\\/07\\\/2022-05-19-Verein-Zeitpolster-Team-Oberland-0063-2048x1365-1.jpg\",\"datePublished\":\"2023-06-14T19:55:57+00:00\",\"dateModified\":\"2023-06-14T20:18:05+00:00\",\"breadcrumb\":{\"@id\":\"https:\\\/\\\/www.zeitpolster.com\\\/li\\\/helferanlass-im-oberland-am-29-juni-2023\\\/#breadcrumb\"},\"inLanguage\":\"de\",\"potentialAction\":[{\"@type\":\"ReadAction\",\"target\":[\"https:\\\/\\\/www.zeitpolster.com\\\/li\\\/helferanlass-im-oberland-am-29-juni-2023\\\/\"]}]},{\"@type\":\"ImageObject\",\"inLanguage\":\"de\",\"@id\":\"https:\\\/\\\/www.zeitpolster.com\\\/li\\\/helferanlass-im-oberland-am-29-juni-2023\\\/#primaryimage\",\"url\":\"https:\\\/\\\/www.zeitpolster.com\\\/li\\\/wp-content\\\/uploads\\\/sites\\\/17\\\/2022\\\/07\\\/2022-05-19-Verein-Zeitpolster-Team-Oberland-0063-2048x1365-1.jpg\",\"contentUrl\":\"https:\\\/\\\/www.zeitpolster.com\\\/li\\\/wp-content\\\/uploads\\\/sites\\\/17\\\/2022\\\/07\\\/2022-05-19-Verein-Zeitpolster-Team-Oberland-0063-2048x1365-1.jpg\",\"width\":2048,\"height\":1365,\"caption\":\"Die Mitglieder vom Team Oberland vom Verein Zeitpolster am 19.05.2022 im Hotel Schlosswald, Meierhof in Triesen --- FOTO &amp; COPYRIGHT: JULIAN KONRAD 2022 --- COPYRIGHT PRINT: Bei der Ver\u00f6ffentlichung des Bildes wird darum gebeten, den Urheber und Ersteller \u00abJulian Konrad Photgraphy, Liechtenstein\u00bb anzugeben. --- COPYRIGHT ONLINE: Bei Postings in den Sozialen Medien wird darum gebeten, den Urheber und Ersteller anzugeben und zu verlinken \u00abFoto und Copyright Julian Konrad @jkonradphotography\u00bb\"},{\"@type\":\"BreadcrumbList\",\"@id\":\"https:\\\/\\\/www.zeitpolster.com\\\/li\\\/helferanlass-im-oberland-am-29-juni-2023\\\/#breadcrumb\",\"itemListElement\":[{\"@type\":\"ListItem\",\"position\":1,\"name\":\"Startseite\",\"item\":\"https:\\\/\\\/www.zeitpolster.com\\\/li\\\/\"},{\"@type\":\"ListItem\",\"position\":2,\"name\":\"Helferanlass im Oberland am 29. Juni 2023\"}]},{\"@type\":\"WebSite\",\"@id\":\"https:\\\/\\\/www.zeitpolster.com\\\/li\\\/#website\",\"url\":\"https:\\\/\\\/www.zeitpolster.com\\\/li\\\/\",\"name\":\"Zeitpolster Liechtenstein\",\"description\":\"Verein f\u00fcr Zeitvorsorge\",\"publisher\":{\"@id\":\"https:\\\/\\\/www.zeitpolster.com\\\/li\\\/#organization\"},\"potentialAction\":[{\"@type\":\"SearchAction\",\"target\":{\"@type\":\"EntryPoint\",\"urlTemplate\":\"https:\\\/\\\/www.zeitpolster.com\\\/li\\\/?s={search_term_string}\"},\"query-input\":{\"@type\":\"PropertyValueSpecification\",\"valueRequired\":true,\"valueName\":\"search_term_string\"}}],\"inLanguage\":\"de\"},{\"@type\":\"Organization\",\"@id\":\"https:\\\/\\\/www.zeitpolster.com\\\/li\\\/#organization\",\"name\":\"Zeitpolster Liechtenstein\",\"url\":\"https:\\\/\\\/www.zeitpolster.com\\\/li\\\/\",\"logo\":{\"@type\":\"ImageObject\",\"inLanguage\":\"de\",\"@id\":\"https:\\\/\\\/www.zeitpolster.com\\\/li\\\/#\\\/schema\\\/logo\\\/image\\\/\",\"url\":\"https:\\\/\\\/www.zeitpolster.com\\\/li\\\/wp-content\\\/uploads\\\/sites\\\/17\\\/2019\\\/10\\\/logo_green-2.png\",\"contentUrl\":\"https:\\\/\\\/www.zeitpolster.com\\\/li\\\/wp-content\\\/uploads\\\/sites\\\/17\\\/2019\\\/10\\\/logo_green-2.png\",\"width\":361,\"height\":192,\"caption\":\"Zeitpolster Liechtenstein\"},\"image\":{\"@id\":\"https:\\\/\\\/www.zeitpolster.com\\\/li\\\/#\\\/schema\\\/logo\\\/image\\\/\"}},{\"@type\":\"Person\",\"@id\":\"https:\\\/\\\/www.zeitpolster.com\\\/li\\\/#\\\/schema\\\/person\\\/18ca77d217029d02cf111d812c9a4a6d\",\"name\":\"judith oehri\",\"image\":{\"@type\":\"ImageObject\",\"inLanguage\":\"de\",\"@id\":\"https:\\\/\\\/secure.gravatar.com\\\/avatar\\\/32e3f36a87b6bd4424f8e6ddf1488fc4f4c6a9424857c658a124bef13422a81c?s=96&d=mm&r=g\",\"url\":\"https:\\\/\\\/secure.gravatar.com\\\/avatar\\\/32e3f36a87b6bd4424f8e6ddf1488fc4f4c6a9424857c658a124bef13422a81c?s=96&d=mm&r=g\",\"contentUrl\":\"https:\\\/\\\/secure.gravatar.com\\\/avatar\\\/32e3f36a87b6bd4424f8e6ddf1488fc4f4c6a9424857c658a124bef13422a81c?s=96&d=mm&r=g\",\"caption\":\"judith oehri\"},\"url\":\"https:\\\/\\\/www.zeitpolster.com\\\/li\\\/author\\\/judith-oehri\\\/\"}]}<\/script>\n<!-- \/ Yoast SEO plugin. -->","yoast_head_json":{"title":"Helferanlass im Oberland am 29. Juni 2023 - Zeitpolster Liechtenstein","robots":{"index":"index","follow":"follow","max-snippet":"max-snippet:-1","max-image-preview":"max-image-preview:large","max-video-preview":"max-video-preview:-1"},"canonical":"https:\/\/www.zeitpolster.com\/li\/helferanlass-im-oberland-am-29-juni-2023\/","og_locale":"de_DE","og_type":"article","og_title":"Helferanlass im Oberland am 29. Juni 2023 - Zeitpolster Liechtenstein","og_description":"Bis heute sind in Liechtenstein bereits ca. 200 Helfende bei \u00abZeitpolster\u00bb registriert. Ohne die freiwillige Mitarbeit dieser w\u00e4re eine Bedienung der mittlerweile ca. 170 Betreuten gar nicht m\u00f6glich. Daf\u00fcr m\u00f6chte das Team Oberland ein herzliches Dankesch\u00f6n sagen! An diesem Anlass besteht die M\u00f6glichkeit, neueste Informationen zu erhalten, Fragen zu stellen, auch andere Helfende von Zeitpolster [&hellip;]","og_url":"https:\/\/www.zeitpolster.com\/li\/helferanlass-im-oberland-am-29-juni-2023\/","og_site_name":"Zeitpolster Liechtenstein","article_published_time":"2023-06-14T19:55:57+00:00","article_modified_time":"2023-06-14T20:18:05+00:00","og_image":[{"width":2048,"height":1365,"url":"https:\/\/www.zeitpolster.com\/li\/wp-content\/uploads\/sites\/17\/2022\/07\/2022-05-19-Verein-Zeitpolster-Team-Oberland-0063-2048x1365-1.jpg","type":"image\/jpeg"}],"author":"judith oehri","twitter_card":"summary_large_image","twitter_misc":{"Geschrieben von":"judith oehri","Gesch\u00e4tzte Lesezeit":"1\u00a0Minute"},"schema":{"@context":"https:\/\/schema.org","@graph":[{"@type":"Article","@id":"https:\/\/www.zeitpolster.com\/li\/helferanlass-im-oberland-am-29-juni-2023\/#article","isPartOf":{"@id":"https:\/\/www.zeitpolster.com\/li\/helferanlass-im-oberland-am-29-juni-2023\/"},"author":{"name":"judith oehri","@id":"https:\/\/www.zeitpolster.com\/li\/#\/schema\/person\/18ca77d217029d02cf111d812c9a4a6d"},"headline":"Helferanlass im Oberland am 29. Juni 2023","datePublished":"2023-06-14T19:55:57+00:00","dateModified":"2023-06-14T20:18:05+00:00","mainEntityOfPage":{"@id":"https:\/\/www.zeitpolster.com\/li\/helferanlass-im-oberland-am-29-juni-2023\/"},"wordCount":227,"publisher":{"@id":"https:\/\/www.zeitpolster.com\/li\/#organization"},"image":{"@id":"https:\/\/www.zeitpolster.com\/li\/helferanlass-im-oberland-am-29-juni-2023\/#primaryimage"},"thumbnailUrl":"https:\/\/www.zeitpolster.com\/li\/wp-content\/uploads\/sites\/17\/2022\/07\/2022-05-19-Verein-Zeitpolster-Team-Oberland-0063-2048x1365-1.jpg","articleSection":["Unkategorisiert"],"inLanguage":"de"},{"@type":"WebPage","@id":"https:\/\/www.zeitpolster.com\/li\/helferanlass-im-oberland-am-29-juni-2023\/","url":"https:\/\/www.zeitpolster.com\/li\/helferanlass-im-oberland-am-29-juni-2023\/","name":"Helferanlass im Oberland am 29. Juni 2023 - Zeitpolster Liechtenstein","isPartOf":{"@id":"https:\/\/www.zeitpolster.com\/li\/#website"},"primaryImageOfPage":{"@id":"https:\/\/www.zeitpolster.com\/li\/helferanlass-im-oberland-am-29-juni-2023\/#primaryimage"},"image":{"@id":"https:\/\/www.zeitpolster.com\/li\/helferanlass-im-oberland-am-29-juni-2023\/#primaryimage"},"thumbnailUrl":"https:\/\/www.zeitpolster.com\/li\/wp-content\/uploads\/sites\/17\/2022\/07\/2022-05-19-Verein-Zeitpolster-Team-Oberland-0063-2048x1365-1.jpg","datePublished":"2023-06-14T19:55:57+00:00","dateModified":"2023-06-14T20:18:05+00:00","breadcrumb":{"@id":"https:\/\/www.zeitpolster.com\/li\/helferanlass-im-oberland-am-29-juni-2023\/#breadcrumb"},"inLanguage":"de","potentialAction":[{"@type":"ReadAction","target":["https:\/\/www.zeitpolster.com\/li\/helferanlass-im-oberland-am-29-juni-2023\/"]}]},{"@type":"ImageObject","inLanguage":"de","@id":"https:\/\/www.zeitpolster.com\/li\/helferanlass-im-oberland-am-29-juni-2023\/#primaryimage","url":"https:\/\/www.zeitpolster.com\/li\/wp-content\/uploads\/sites\/17\/2022\/07\/2022-05-19-Verein-Zeitpolster-Team-Oberland-0063-2048x1365-1.jpg","contentUrl":"https:\/\/www.zeitpolster.com\/li\/wp-content\/uploads\/sites\/17\/2022\/07\/2022-05-19-Verein-Zeitpolster-Team-Oberland-0063-2048x1365-1.jpg","width":2048,"height":1365,"caption":"Die Mitglieder vom Team Oberland vom Verein Zeitpolster am 19.05.2022 im Hotel Schlosswald, Meierhof in Triesen --- FOTO &amp; COPYRIGHT: JULIAN KONRAD 2022 --- COPYRIGHT PRINT: Bei der Ver\u00f6ffentlichung des Bildes wird darum gebeten, den Urheber und Ersteller \u00abJulian Konrad Photgraphy, Liechtenstein\u00bb anzugeben. --- COPYRIGHT ONLINE: Bei Postings in den Sozialen Medien wird darum gebeten, den Urheber und Ersteller anzugeben und zu verlinken \u00abFoto und Copyright Julian Konrad @jkonradphotography\u00bb"},{"@type":"BreadcrumbList","@id":"https:\/\/www.zeitpolster.com\/li\/helferanlass-im-oberland-am-29-juni-2023\/#breadcrumb","itemListElement":[{"@type":"ListItem","position":1,"name":"Startseite","item":"https:\/\/www.zeitpolster.com\/li\/"},{"@type":"ListItem","position":2,"name":"Helferanlass im Oberland am 29. Juni 2023"}]},{"@type":"WebSite","@id":"https:\/\/www.zeitpolster.com\/li\/#website","url":"https:\/\/www.zeitpolster.com\/li\/","name":"Zeitpolster Liechtenstein","description":"Verein f\u00fcr Zeitvorsorge","publisher":{"@id":"https:\/\/www.zeitpolster.com\/li\/#organization"},"potentialAction":[{"@type":"SearchAction","target":{"@type":"EntryPoint","urlTemplate":"https:\/\/www.zeitpolster.com\/li\/?s={search_term_string}"},"query-input":{"@type":"PropertyValueSpecification","valueRequired":true,"valueName":"search_term_string"}}],"inLanguage":"de"},{"@type":"Organization","@id":"https:\/\/www.zeitpolster.com\/li\/#organization","name":"Zeitpolster Liechtenstein","url":"https:\/\/www.zeitpolster.com\/li\/","logo":{"@type":"ImageObject","inLanguage":"de","@id":"https:\/\/www.zeitpolster.com\/li\/#\/schema\/logo\/image\/","url":"https:\/\/www.zeitpolster.com\/li\/wp-content\/uploads\/sites\/17\/2019\/10\/logo_green-2.png","contentUrl":"https:\/\/www.zeitpolster.com\/li\/wp-content\/uploads\/sites\/17\/2019\/10\/logo_green-2.png","width":361,"height":192,"caption":"Zeitpolster Liechtenstein"},"image":{"@id":"https:\/\/www.zeitpolster.com\/li\/#\/schema\/logo\/image\/"}},{"@type":"Person","@id":"https:\/\/www.zeitpolster.com\/li\/#\/schema\/person\/18ca77d217029d02cf111d812c9a4a6d","name":"judith oehri","image":{"@type":"ImageObject","inLanguage":"de","@id":"https:\/\/secure.gravatar.com\/avatar\/32e3f36a87b6bd4424f8e6ddf1488fc4f4c6a9424857c658a124bef13422a81c?s=96&d=mm&r=g","url":"https:\/\/secure.gravatar.com\/avatar\/32e3f36a87b6bd4424f8e6ddf1488fc4f4c6a9424857c658a124bef13422a81c?s=96&d=mm&r=g","contentUrl":"https:\/\/secure.gravatar.com\/avatar\/32e3f36a87b6bd4424f8e6ddf1488fc4f4c6a9424857c658a124bef13422a81c?s=96&d=mm&r=g","caption":"judith oehri"},"url":"https:\/\/www.zeitpolster.com\/li\/author\/judith-oehri\/"}]}},"featured_image_src":"https:\/\/www.zeitpolster.com\/li\/wp-content\/uploads\/sites\/17\/2022\/07\/2022-05-19-Verein-Zeitpolster-Team-Oberland-0063-2048x1365-1-600x400.jpg","featured_image_src_square":"https:\/\/www.zeitpolster.com\/li\/wp-content\/uploads\/sites\/17\/2022\/07\/2022-05-19-Verein-Zeitpolster-Team-Oberland-0063-2048x1365-1-600x600.jpg","author_info":{"display_name":"judith oehri","author_link":"https:\/\/www.zeitpolster.com\/li\/author\/judith-oehri\/"},"uagb_featured_image_src":{"full":["https:\/\/www.zeitpolster.com\/li\/wp-content\/uploads\/sites\/17\/2022\/07\/2022-05-19-Verein-Zeitpolster-Team-Oberland-0063-2048x1365-1.jpg",2048,1365,false],"thumbnail":["https:\/\/www.zeitpolster.com\/li\/wp-content\/uploads\/sites\/17\/2022\/07\/2022-05-19-Verein-Zeitpolster-Team-Oberland-0063-2048x1365-1-150x150.jpg",150,150,true],"medium":["https:\/\/www.zeitpolster.com\/li\/wp-content\/uploads\/sites\/17\/2022\/07\/2022-05-19-Verein-Zeitpolster-Team-Oberland-0063-2048x1365-1-300x200.jpg",300,200,true],"medium_large":["https:\/\/www.zeitpolster.com\/li\/wp-content\/uploads\/sites\/17\/2022\/07\/2022-05-19-Verein-Zeitpolster-Team-Oberland-0063-2048x1365-1-768x512.jpg",768,512,true],"large":["https:\/\/www.zeitpolster.com\/li\/wp-content\/uploads\/sites\/17\/2022\/07\/2022-05-19-Verein-Zeitpolster-Team-Oberland-0063-2048x1365-1-1024x683.jpg",1024,683,true],"1536x1536":["https:\/\/www.zeitpolster.com\/li\/wp-content\/uploads\/sites\/17\/2022\/07\/2022-05-19-Verein-Zeitpolster-Team-Oberland-0063-2048x1365-1-1536x1024.jpg",1536,1024,true],"2048x2048":["https:\/\/www.zeitpolster.com\/li\/wp-content\/uploads\/sites\/17\/2022\/07\/2022-05-19-Verein-Zeitpolster-Team-Oberland-0063-2048x1365-1.jpg",2048,1365,false],"gb-block-post-grid-landscape":["https:\/\/www.zeitpolster.com\/li\/wp-content\/uploads\/sites\/17\/2022\/07\/2022-05-19-Verein-Zeitpolster-Team-Oberland-0063-2048x1365-1-600x400.jpg",600,400,true],"gb-block-post-grid-square":["https:\/\/www.zeitpolster.com\/li\/wp-content\/uploads\/sites\/17\/2022\/07\/2022-05-19-Verein-Zeitpolster-Team-Oberland-0063-2048x1365-1-600x600.jpg",600,600,true],"woocommerce_thumbnail":["https:\/\/www.zeitpolster.com\/li\/wp-content\/uploads\/sites\/17\/2022\/07\/2022-05-19-Verein-Zeitpolster-Team-Oberland-0063-2048x1365-1-300x200.jpg",300,200,true],"woocommerce_single":["https:\/\/www.zeitpolster.com\/li\/wp-content\/uploads\/sites\/17\/2022\/07\/2022-05-19-Verein-Zeitpolster-Team-Oberland-0063-2048x1365-1-600x400.jpg",600,400,true],"woocommerce_gallery_thumbnail":["https:\/\/www.zeitpolster.com\/li\/wp-content\/uploads\/sites\/17\/2022\/07\/2022-05-19-Verein-Zeitpolster-Team-Oberland-0063-2048x1365-1-100x100.jpg",100,100,true]},"uagb_author_info":{"display_name":"judith oehri","author_link":"https:\/\/www.zeitpolster.com\/li\/author\/judith-oehri\/"},"uagb_comment_info":0,"uagb_excerpt":"Bis heute sind in Liechtenstein bereits ca. 200 Helfende bei \u00abZeitpolster\u00bb registriert. Ohne die freiwillige Mitarbeit dieser w\u00e4re eine Bedienung der mittlerweile ca. 170 Betreuten gar nicht m\u00f6glich. Daf\u00fcr m\u00f6chte das Team Oberland ein herzliches Dankesch\u00f6n sagen! An diesem Anlass besteht die M\u00f6glichkeit, neueste Informationen zu erhalten, Fragen zu stellen, auch andere Helfende von Zeitpolster&hellip;","_links":{"self":[{"href":"https:\/\/www.zeitpolster.com\/li\/wp-json\/wp\/v2\/posts\/6311","targetHints":{"allow":["GET"]}}],"collection":[{"href":"https:\/\/www.zeitpolster.com\/li\/wp-json\/wp\/v2\/posts"}],"about":[{"href":"https:\/\/www.zeitpolster.com\/li\/wp-json\/wp\/v2\/types\/post"}],"author":[{"embeddable":true,"href":"https:\/\/www.zeitpolster.com\/li\/wp-json\/wp\/v2\/users\/6"}],"replies":[{"embeddable":true,"href":"https:\/\/www.zeitpolster.com\/li\/wp-json\/wp\/v2\/comments?post=6311"}],"version-history":[{"count":2,"href":"https:\/\/www.zeitpolster.com\/li\/wp-json\/wp\/v2\/posts\/6311\/revisions"}],"predecessor-version":[{"id":6313,"href":"https:\/\/www.zeitpolster.com\/li\/wp-json\/wp\/v2\/posts\/6311\/revisions\/6313"}],"wp:featuredmedia":[{"embeddable":true,"href":"https:\/\/www.zeitpolster.com\/li\/wp-json\/wp\/v2\/media\/5788"}],"wp:attachment":[{"href":"https:\/\/www.zeitpolster.com\/li\/wp-json\/wp\/v2\/media?parent=6311"}],"wp:term":[{"taxonomy":"category","embeddable":true,"href":"https:\/\/www.zeitpolster.com\/li\/wp-json\/wp\/v2\/categories?post=6311"},{"taxonomy":"post_tag","embeddable":true,"href":"https:\/\/www.zeitpolster.com\/li\/wp-json\/wp\/v2\/tags?post=6311"}],"curies":[{"name":"wp","href":"https:\/\/api.w.org\/{rel}","templated":true}]}}