{"id":4577,"date":"2022-07-01T07:44:07","date_gmt":"2022-07-01T05:44:07","guid":{"rendered":"https:\/\/www.zeitpolster.li\/?p=4577"},"modified":"2022-08-16T09:43:39","modified_gmt":"2022-08-16T07:43:39","slug":"zeitpolster-weitet-angebot-aus","status":"publish","type":"post","link":"https:\/\/www.zeitpolster.com\/li\/zeitpolster-weitet-angebot-aus\/","title":{"rendered":"Zeitpolster weitet Angebot aus"},"content":{"rendered":"\n<p><strong>Zeitpolster bietet seit zwei Jahren Dienstleistungen f\u00fcr \u00e4ltere Menschen im Sinne einer organisierten Nachbarschaftshilfe an. Neu soll das Angebot und die Altersgruppen ausgeweitet werden.<\/strong><\/p>\n\n\n\n<p>Konkret heisst dies folgendes: <\/p>\n\n\n\n<p>Neu k\u00f6nnen s\u00e4mtliche Dienstleistungen von Personen aller Altersgruppen in Anspruch genommen werden. Konkret bedeutet dies in Bezug auf bestehende Dienstleistungen, dass beispielsweise auch Fahrten f\u00fcr j\u00fcngere Menschen in die Physiotherapie, Arzt und anderes m\u00f6glich sind. <\/p>\n\n\n\n<p>M\u00f6glich sind auch Fahrten mit Kindern zur Therapie, allerdings m\u00fcssen die Kinder dann 12 Jahre alt sein oder es muss ein Kindersitz gestellt werden .Neu bieten wir ein sogenanntes Rundumsorglospaket an. Mit dem \u201eRundum-Sorglos-Paket\u201c f\u00fcr Ferien oder andere Abwesenheiten beschreitet Zeitpolster einen komplett neuen Weg. Dieser Service beinhaltet das Postfach leeren, Pflanzen giessen oder auch Tiere f\u00fcttern. <\/p>\n\n\n\n<p>Die Webseite wurde neu gestaltet. Dort findet man auch ausf\u00fchrlichere Informationen zu Zeitpolster.<\/p>\n\n\n\n<p><\/p>\n","protected":false},"excerpt":{"rendered":"<p>Zeitpolster bietet seit zwei Jahren Dienstleistungen f\u00fcr \u00e4ltere Menschen im Sinne einer organisierten Nachbarschaftshilfe an. Neu soll das Angebot und die Altersgruppen ausgeweitet werden. Konkret heisst dies folgendes: Neu k\u00f6nnen s\u00e4mtliche Dienstleistungen von Personen aller Altersgruppen in Anspruch genommen werden. Konkret bedeutet dies in Bezug auf bestehende Dienstleistungen, dass beispielsweise auch Fahrten f\u00fcr j\u00fcngere Menschen [&hellip;]<\/p>\n","protected":false},"author":6,"featured_media":5898,"comment_status":"closed","ping_status":"closed","sticky":false,"template":"","format":"standard","meta":{"_bbp_topic_count":0,"_bbp_reply_count":0,"_bbp_total_topic_count":0,"_bbp_total_reply_count":0,"_bbp_voice_count":0,"_bbp_anonymous_reply_count":0,"_bbp_topic_count_hidden":0,"_bbp_reply_count_hidden":0,"_bbp_forum_subforum_count":0,"_uag_custom_page_level_css":"","site-sidebar-layout":"default","site-content-layout":"","ast-site-content-layout":"default","site-content-style":"default","site-sidebar-style":"default","ast-global-header-display":"","ast-banner-title-visibility":"","ast-main-header-display":"","ast-hfb-above-header-display":"","ast-hfb-below-header-display":"","ast-hfb-mobile-header-display":"","site-post-title":"","ast-breadcrumbs-content":"","ast-featured-img":"","footer-sml-layout":"","ast-disable-related-posts":"","theme-transparent-header-meta":"","adv-header-id-meta":"","stick-header-meta":"","header-above-stick-meta":"","header-main-stick-meta":"","header-below-stick-meta":"","astra-migrate-meta-layouts":"default","ast-page-background-enabled":"default","ast-page-background-meta":{"desktop":{"background-color":"","background-image":"","background-repeat":"repeat","background-position":"center center","background-size":"auto","background-attachment":"scroll","background-type":"","background-media":"","overlay-type":"","overlay-color":"","overlay-opacity":"","overlay-gradient":""},"tablet":{"background-color":"","background-image":"","background-repeat":"repeat","background-position":"center center","background-size":"auto","background-attachment":"scroll","background-type":"","background-media":"","overlay-type":"","overlay-color":"","overlay-opacity":"","overlay-gradient":""},"mobile":{"background-color":"","background-image":"","background-repeat":"repeat","background-position":"center center","background-size":"auto","background-attachment":"scroll","background-type":"","background-media":"","overlay-type":"","overlay-color":"","overlay-opacity":"","overlay-gradient":""}},"ast-content-background-meta":{"desktop":{"background-color":"var(--ast-global-color-5)","background-image":"","background-repeat":"repeat","background-position":"center center","background-size":"auto","background-attachment":"scroll","background-type":"","background-media":"","overlay-type":"","overlay-color":"","overlay-opacity":"","overlay-gradient":""},"tablet":{"background-color":"var(--ast-global-color-5)","background-image":"","background-repeat":"repeat","background-position":"center center","background-size":"auto","background-attachment":"scroll","background-type":"","background-media":"","overlay-type":"","overlay-color":"","overlay-opacity":"","overlay-gradient":""},"mobile":{"background-color":"var(--ast-global-color-5)","background-image":"","background-repeat":"repeat","background-position":"center center","background-size":"auto","background-attachment":"scroll","background-type":"","background-media":"","overlay-type":"","overlay-color":"","overlay-opacity":"","overlay-gradient":""}},"footnotes":""},"categories":[1],"tags":[],"class_list":["post-4577","post","type-post","status-publish","format-standard","has-post-thumbnail","hentry","category-unkategorisiert"],"yoast_head":"<!-- This site is optimized with the Yoast SEO plugin v27.5 - https:\/\/yoast.com\/product\/yoast-seo-wordpress\/ -->\n<title>Zeitpolster weitet Angebot aus - Zeitpolster Liechtenstein<\/title>\n<meta name=\"robots\" content=\"index, follow, max-snippet:-1, max-image-preview:large, max-video-preview:-1\" \/>\n<link rel=\"canonical\" href=\"https:\/\/www.zeitpolster.com\/li\/zeitpolster-weitet-angebot-aus\/\" \/>\n<meta property=\"og:locale\" content=\"de_DE\" \/>\n<meta property=\"og:type\" content=\"article\" \/>\n<meta property=\"og:title\" content=\"Zeitpolster weitet Angebot aus - Zeitpolster Liechtenstein\" \/>\n<meta property=\"og:description\" content=\"Zeitpolster bietet seit zwei Jahren Dienstleistungen f\u00fcr \u00e4ltere Menschen im Sinne einer organisierten Nachbarschaftshilfe an. Neu soll das Angebot und die Altersgruppen ausgeweitet werden. Konkret heisst dies folgendes: Neu k\u00f6nnen s\u00e4mtliche Dienstleistungen von Personen aller Altersgruppen in Anspruch genommen werden. Konkret bedeutet dies in Bezug auf bestehende Dienstleistungen, dass beispielsweise auch Fahrten f\u00fcr j\u00fcngere Menschen [&hellip;]\" \/>\n<meta property=\"og:url\" content=\"https:\/\/www.zeitpolster.com\/li\/zeitpolster-weitet-angebot-aus\/\" \/>\n<meta property=\"og:site_name\" content=\"Zeitpolster Liechtenstein\" \/>\n<meta property=\"article:published_time\" content=\"2022-07-01T05:44:07+00:00\" \/>\n<meta property=\"article:modified_time\" content=\"2022-08-16T07:43:39+00:00\" \/>\n<meta property=\"og:image\" content=\"https:\/\/www.zeitpolster.com\/li\/wp-content\/uploads\/sites\/17\/2022\/07\/Briefkasten-1-scaled-1.jpg\" \/>\n\t<meta property=\"og:image:width\" content=\"2560\" \/>\n\t<meta property=\"og:image:height\" content=\"1707\" \/>\n\t<meta property=\"og:image:type\" content=\"image\/jpeg\" \/>\n<meta name=\"author\" content=\"judith oehri\" \/>\n<meta name=\"twitter:card\" content=\"summary_large_image\" \/>\n<meta name=\"twitter:label1\" content=\"Geschrieben von\" \/>\n\t<meta name=\"twitter:data1\" content=\"judith oehri\" \/>\n\t<meta name=\"twitter:label2\" content=\"Gesch\u00e4tzte Lesezeit\" \/>\n\t<meta name=\"twitter:data2\" content=\"1\u00a0Minute\" \/>\n<script type=\"application\/ld+json\" class=\"yoast-schema-graph\">{\"@context\":\"https:\\\/\\\/schema.org\",\"@graph\":[{\"@type\":\"Article\",\"@id\":\"https:\\\/\\\/www.zeitpolster.com\\\/li\\\/zeitpolster-weitet-angebot-aus\\\/#article\",\"isPartOf\":{\"@id\":\"https:\\\/\\\/www.zeitpolster.com\\\/li\\\/zeitpolster-weitet-angebot-aus\\\/\"},\"author\":{\"name\":\"judith oehri\",\"@id\":\"https:\\\/\\\/www.zeitpolster.com\\\/li\\\/#\\\/schema\\\/person\\\/18ca77d217029d02cf111d812c9a4a6d\"},\"headline\":\"Zeitpolster weitet Angebot aus\",\"datePublished\":\"2022-07-01T05:44:07+00:00\",\"dateModified\":\"2022-08-16T07:43:39+00:00\",\"mainEntityOfPage\":{\"@id\":\"https:\\\/\\\/www.zeitpolster.com\\\/li\\\/zeitpolster-weitet-angebot-aus\\\/\"},\"wordCount\":147,\"publisher\":{\"@id\":\"https:\\\/\\\/www.zeitpolster.com\\\/li\\\/#organization\"},\"image\":{\"@id\":\"https:\\\/\\\/www.zeitpolster.com\\\/li\\\/zeitpolster-weitet-angebot-aus\\\/#primaryimage\"},\"thumbnailUrl\":\"https:\\\/\\\/www.zeitpolster.com\\\/li\\\/wp-content\\\/uploads\\\/sites\\\/17\\\/2022\\\/07\\\/Briefkasten-1-scaled-1.jpg\",\"articleSection\":[\"Unkategorisiert\"],\"inLanguage\":\"de\"},{\"@type\":\"WebPage\",\"@id\":\"https:\\\/\\\/www.zeitpolster.com\\\/li\\\/zeitpolster-weitet-angebot-aus\\\/\",\"url\":\"https:\\\/\\\/www.zeitpolster.com\\\/li\\\/zeitpolster-weitet-angebot-aus\\\/\",\"name\":\"Zeitpolster weitet Angebot aus - Zeitpolster Liechtenstein\",\"isPartOf\":{\"@id\":\"https:\\\/\\\/www.zeitpolster.com\\\/li\\\/#website\"},\"primaryImageOfPage\":{\"@id\":\"https:\\\/\\\/www.zeitpolster.com\\\/li\\\/zeitpolster-weitet-angebot-aus\\\/#primaryimage\"},\"image\":{\"@id\":\"https:\\\/\\\/www.zeitpolster.com\\\/li\\\/zeitpolster-weitet-angebot-aus\\\/#primaryimage\"},\"thumbnailUrl\":\"https:\\\/\\\/www.zeitpolster.com\\\/li\\\/wp-content\\\/uploads\\\/sites\\\/17\\\/2022\\\/07\\\/Briefkasten-1-scaled-1.jpg\",\"datePublished\":\"2022-07-01T05:44:07+00:00\",\"dateModified\":\"2022-08-16T07:43:39+00:00\",\"breadcrumb\":{\"@id\":\"https:\\\/\\\/www.zeitpolster.com\\\/li\\\/zeitpolster-weitet-angebot-aus\\\/#breadcrumb\"},\"inLanguage\":\"de\",\"potentialAction\":[{\"@type\":\"ReadAction\",\"target\":[\"https:\\\/\\\/www.zeitpolster.com\\\/li\\\/zeitpolster-weitet-angebot-aus\\\/\"]}]},{\"@type\":\"ImageObject\",\"inLanguage\":\"de\",\"@id\":\"https:\\\/\\\/www.zeitpolster.com\\\/li\\\/zeitpolster-weitet-angebot-aus\\\/#primaryimage\",\"url\":\"https:\\\/\\\/www.zeitpolster.com\\\/li\\\/wp-content\\\/uploads\\\/sites\\\/17\\\/2022\\\/07\\\/Briefkasten-1-scaled-1.jpg\",\"contentUrl\":\"https:\\\/\\\/www.zeitpolster.com\\\/li\\\/wp-content\\\/uploads\\\/sites\\\/17\\\/2022\\\/07\\\/Briefkasten-1-scaled-1.jpg\",\"width\":2560,\"height\":1707,\"caption\":\"Verein Zeitpolster, Alltagssituationen aufgenommen in Schellenberg (Platta 19) am 23.03.2022 \u2013 Briefkasten leeren, Post holen --- FOTO &amp; COPYRIGHT: JULIAN KONRAD 2022 --- COPYRIGHT PRINT: Bei der Ver\u00f6ffentlichung des Bildes wird darum gebeten, den Urheber und Ersteller \u00abJulian Konrad Photgraphy, Liechtenstein\u00bb anzugeben. --- COPYRIGHT ONLINE: Bei Postings in den Sozialen Medien wird darum gebeten, den Urheber und Ersteller anzugeben und zu verlinken \u00abFoto und Copyright Julian Konrad @jkonradphotography\u00bb\"},{\"@type\":\"BreadcrumbList\",\"@id\":\"https:\\\/\\\/www.zeitpolster.com\\\/li\\\/zeitpolster-weitet-angebot-aus\\\/#breadcrumb\",\"itemListElement\":[{\"@type\":\"ListItem\",\"position\":1,\"name\":\"Startseite\",\"item\":\"https:\\\/\\\/www.zeitpolster.com\\\/li\\\/\"},{\"@type\":\"ListItem\",\"position\":2,\"name\":\"Zeitpolster weitet Angebot aus\"}]},{\"@type\":\"WebSite\",\"@id\":\"https:\\\/\\\/www.zeitpolster.com\\\/li\\\/#website\",\"url\":\"https:\\\/\\\/www.zeitpolster.com\\\/li\\\/\",\"name\":\"Zeitpolster Liechtenstein\",\"description\":\"Verein f\u00fcr Zeitvorsorge\",\"publisher\":{\"@id\":\"https:\\\/\\\/www.zeitpolster.com\\\/li\\\/#organization\"},\"potentialAction\":[{\"@type\":\"SearchAction\",\"target\":{\"@type\":\"EntryPoint\",\"urlTemplate\":\"https:\\\/\\\/www.zeitpolster.com\\\/li\\\/?s={search_term_string}\"},\"query-input\":{\"@type\":\"PropertyValueSpecification\",\"valueRequired\":true,\"valueName\":\"search_term_string\"}}],\"inLanguage\":\"de\"},{\"@type\":\"Organization\",\"@id\":\"https:\\\/\\\/www.zeitpolster.com\\\/li\\\/#organization\",\"name\":\"Zeitpolster Liechtenstein\",\"url\":\"https:\\\/\\\/www.zeitpolster.com\\\/li\\\/\",\"logo\":{\"@type\":\"ImageObject\",\"inLanguage\":\"de\",\"@id\":\"https:\\\/\\\/www.zeitpolster.com\\\/li\\\/#\\\/schema\\\/logo\\\/image\\\/\",\"url\":\"https:\\\/\\\/www.zeitpolster.com\\\/li\\\/wp-content\\\/uploads\\\/sites\\\/17\\\/2019\\\/10\\\/logo_green-2.png\",\"contentUrl\":\"https:\\\/\\\/www.zeitpolster.com\\\/li\\\/wp-content\\\/uploads\\\/sites\\\/17\\\/2019\\\/10\\\/logo_green-2.png\",\"width\":361,\"height\":192,\"caption\":\"Zeitpolster Liechtenstein\"},\"image\":{\"@id\":\"https:\\\/\\\/www.zeitpolster.com\\\/li\\\/#\\\/schema\\\/logo\\\/image\\\/\"}},{\"@type\":\"Person\",\"@id\":\"https:\\\/\\\/www.zeitpolster.com\\\/li\\\/#\\\/schema\\\/person\\\/18ca77d217029d02cf111d812c9a4a6d\",\"name\":\"judith oehri\",\"image\":{\"@type\":\"ImageObject\",\"inLanguage\":\"de\",\"@id\":\"https:\\\/\\\/secure.gravatar.com\\\/avatar\\\/32e3f36a87b6bd4424f8e6ddf1488fc4f4c6a9424857c658a124bef13422a81c?s=96&d=mm&r=g\",\"url\":\"https:\\\/\\\/secure.gravatar.com\\\/avatar\\\/32e3f36a87b6bd4424f8e6ddf1488fc4f4c6a9424857c658a124bef13422a81c?s=96&d=mm&r=g\",\"contentUrl\":\"https:\\\/\\\/secure.gravatar.com\\\/avatar\\\/32e3f36a87b6bd4424f8e6ddf1488fc4f4c6a9424857c658a124bef13422a81c?s=96&d=mm&r=g\",\"caption\":\"judith oehri\"},\"url\":\"https:\\\/\\\/www.zeitpolster.com\\\/li\\\/author\\\/judith-oehri\\\/\"}]}<\/script>\n<!-- \/ Yoast SEO plugin. -->","yoast_head_json":{"title":"Zeitpolster weitet Angebot aus - Zeitpolster Liechtenstein","robots":{"index":"index","follow":"follow","max-snippet":"max-snippet:-1","max-image-preview":"max-image-preview:large","max-video-preview":"max-video-preview:-1"},"canonical":"https:\/\/www.zeitpolster.com\/li\/zeitpolster-weitet-angebot-aus\/","og_locale":"de_DE","og_type":"article","og_title":"Zeitpolster weitet Angebot aus - Zeitpolster Liechtenstein","og_description":"Zeitpolster bietet seit zwei Jahren Dienstleistungen f\u00fcr \u00e4ltere Menschen im Sinne einer organisierten Nachbarschaftshilfe an. Neu soll das Angebot und die Altersgruppen ausgeweitet werden. Konkret heisst dies folgendes: Neu k\u00f6nnen s\u00e4mtliche Dienstleistungen von Personen aller Altersgruppen in Anspruch genommen werden. Konkret bedeutet dies in Bezug auf bestehende Dienstleistungen, dass beispielsweise auch Fahrten f\u00fcr j\u00fcngere Menschen [&hellip;]","og_url":"https:\/\/www.zeitpolster.com\/li\/zeitpolster-weitet-angebot-aus\/","og_site_name":"Zeitpolster Liechtenstein","article_published_time":"2022-07-01T05:44:07+00:00","article_modified_time":"2022-08-16T07:43:39+00:00","og_image":[{"width":2560,"height":1707,"url":"https:\/\/www.zeitpolster.com\/li\/wp-content\/uploads\/sites\/17\/2022\/07\/Briefkasten-1-scaled-1.jpg","type":"image\/jpeg"}],"author":"judith oehri","twitter_card":"summary_large_image","twitter_misc":{"Geschrieben von":"judith oehri","Gesch\u00e4tzte Lesezeit":"1\u00a0Minute"},"schema":{"@context":"https:\/\/schema.org","@graph":[{"@type":"Article","@id":"https:\/\/www.zeitpolster.com\/li\/zeitpolster-weitet-angebot-aus\/#article","isPartOf":{"@id":"https:\/\/www.zeitpolster.com\/li\/zeitpolster-weitet-angebot-aus\/"},"author":{"name":"judith oehri","@id":"https:\/\/www.zeitpolster.com\/li\/#\/schema\/person\/18ca77d217029d02cf111d812c9a4a6d"},"headline":"Zeitpolster weitet Angebot aus","datePublished":"2022-07-01T05:44:07+00:00","dateModified":"2022-08-16T07:43:39+00:00","mainEntityOfPage":{"@id":"https:\/\/www.zeitpolster.com\/li\/zeitpolster-weitet-angebot-aus\/"},"wordCount":147,"publisher":{"@id":"https:\/\/www.zeitpolster.com\/li\/#organization"},"image":{"@id":"https:\/\/www.zeitpolster.com\/li\/zeitpolster-weitet-angebot-aus\/#primaryimage"},"thumbnailUrl":"https:\/\/www.zeitpolster.com\/li\/wp-content\/uploads\/sites\/17\/2022\/07\/Briefkasten-1-scaled-1.jpg","articleSection":["Unkategorisiert"],"inLanguage":"de"},{"@type":"WebPage","@id":"https:\/\/www.zeitpolster.com\/li\/zeitpolster-weitet-angebot-aus\/","url":"https:\/\/www.zeitpolster.com\/li\/zeitpolster-weitet-angebot-aus\/","name":"Zeitpolster weitet Angebot aus - Zeitpolster Liechtenstein","isPartOf":{"@id":"https:\/\/www.zeitpolster.com\/li\/#website"},"primaryImageOfPage":{"@id":"https:\/\/www.zeitpolster.com\/li\/zeitpolster-weitet-angebot-aus\/#primaryimage"},"image":{"@id":"https:\/\/www.zeitpolster.com\/li\/zeitpolster-weitet-angebot-aus\/#primaryimage"},"thumbnailUrl":"https:\/\/www.zeitpolster.com\/li\/wp-content\/uploads\/sites\/17\/2022\/07\/Briefkasten-1-scaled-1.jpg","datePublished":"2022-07-01T05:44:07+00:00","dateModified":"2022-08-16T07:43:39+00:00","breadcrumb":{"@id":"https:\/\/www.zeitpolster.com\/li\/zeitpolster-weitet-angebot-aus\/#breadcrumb"},"inLanguage":"de","potentialAction":[{"@type":"ReadAction","target":["https:\/\/www.zeitpolster.com\/li\/zeitpolster-weitet-angebot-aus\/"]}]},{"@type":"ImageObject","inLanguage":"de","@id":"https:\/\/www.zeitpolster.com\/li\/zeitpolster-weitet-angebot-aus\/#primaryimage","url":"https:\/\/www.zeitpolster.com\/li\/wp-content\/uploads\/sites\/17\/2022\/07\/Briefkasten-1-scaled-1.jpg","contentUrl":"https:\/\/www.zeitpolster.com\/li\/wp-content\/uploads\/sites\/17\/2022\/07\/Briefkasten-1-scaled-1.jpg","width":2560,"height":1707,"caption":"Verein Zeitpolster, Alltagssituationen aufgenommen in Schellenberg (Platta 19) am 23.03.2022 \u2013 Briefkasten leeren, Post holen --- FOTO &amp; COPYRIGHT: JULIAN KONRAD 2022 --- COPYRIGHT PRINT: Bei der Ver\u00f6ffentlichung des Bildes wird darum gebeten, den Urheber und Ersteller \u00abJulian Konrad Photgraphy, Liechtenstein\u00bb anzugeben. --- COPYRIGHT ONLINE: Bei Postings in den Sozialen Medien wird darum gebeten, den Urheber und Ersteller anzugeben und zu verlinken \u00abFoto und Copyright Julian Konrad @jkonradphotography\u00bb"},{"@type":"BreadcrumbList","@id":"https:\/\/www.zeitpolster.com\/li\/zeitpolster-weitet-angebot-aus\/#breadcrumb","itemListElement":[{"@type":"ListItem","position":1,"name":"Startseite","item":"https:\/\/www.zeitpolster.com\/li\/"},{"@type":"ListItem","position":2,"name":"Zeitpolster weitet Angebot aus"}]},{"@type":"WebSite","@id":"https:\/\/www.zeitpolster.com\/li\/#website","url":"https:\/\/www.zeitpolster.com\/li\/","name":"Zeitpolster Liechtenstein","description":"Verein f\u00fcr Zeitvorsorge","publisher":{"@id":"https:\/\/www.zeitpolster.com\/li\/#organization"},"potentialAction":[{"@type":"SearchAction","target":{"@type":"EntryPoint","urlTemplate":"https:\/\/www.zeitpolster.com\/li\/?s={search_term_string}"},"query-input":{"@type":"PropertyValueSpecification","valueRequired":true,"valueName":"search_term_string"}}],"inLanguage":"de"},{"@type":"Organization","@id":"https:\/\/www.zeitpolster.com\/li\/#organization","name":"Zeitpolster Liechtenstein","url":"https:\/\/www.zeitpolster.com\/li\/","logo":{"@type":"ImageObject","inLanguage":"de","@id":"https:\/\/www.zeitpolster.com\/li\/#\/schema\/logo\/image\/","url":"https:\/\/www.zeitpolster.com\/li\/wp-content\/uploads\/sites\/17\/2019\/10\/logo_green-2.png","contentUrl":"https:\/\/www.zeitpolster.com\/li\/wp-content\/uploads\/sites\/17\/2019\/10\/logo_green-2.png","width":361,"height":192,"caption":"Zeitpolster Liechtenstein"},"image":{"@id":"https:\/\/www.zeitpolster.com\/li\/#\/schema\/logo\/image\/"}},{"@type":"Person","@id":"https:\/\/www.zeitpolster.com\/li\/#\/schema\/person\/18ca77d217029d02cf111d812c9a4a6d","name":"judith oehri","image":{"@type":"ImageObject","inLanguage":"de","@id":"https:\/\/secure.gravatar.com\/avatar\/32e3f36a87b6bd4424f8e6ddf1488fc4f4c6a9424857c658a124bef13422a81c?s=96&d=mm&r=g","url":"https:\/\/secure.gravatar.com\/avatar\/32e3f36a87b6bd4424f8e6ddf1488fc4f4c6a9424857c658a124bef13422a81c?s=96&d=mm&r=g","contentUrl":"https:\/\/secure.gravatar.com\/avatar\/32e3f36a87b6bd4424f8e6ddf1488fc4f4c6a9424857c658a124bef13422a81c?s=96&d=mm&r=g","caption":"judith oehri"},"url":"https:\/\/www.zeitpolster.com\/li\/author\/judith-oehri\/"}]}},"featured_image_src":"https:\/\/www.zeitpolster.com\/li\/wp-content\/uploads\/sites\/17\/2022\/07\/Briefkasten-1-scaled-1-600x400.jpg","featured_image_src_square":"https:\/\/www.zeitpolster.com\/li\/wp-content\/uploads\/sites\/17\/2022\/07\/Briefkasten-1-scaled-1-600x600.jpg","author_info":{"display_name":"judith oehri","author_link":"https:\/\/www.zeitpolster.com\/li\/author\/judith-oehri\/"},"uagb_featured_image_src":{"full":["https:\/\/www.zeitpolster.com\/li\/wp-content\/uploads\/sites\/17\/2022\/07\/Briefkasten-1-scaled-1.jpg",2560,1707,false],"thumbnail":["https:\/\/www.zeitpolster.com\/li\/wp-content\/uploads\/sites\/17\/2022\/07\/Briefkasten-1-scaled-1-150x150.jpg",150,150,true],"medium":["https:\/\/www.zeitpolster.com\/li\/wp-content\/uploads\/sites\/17\/2022\/07\/Briefkasten-1-scaled-1-300x200.jpg",300,200,true],"medium_large":["https:\/\/www.zeitpolster.com\/li\/wp-content\/uploads\/sites\/17\/2022\/07\/Briefkasten-1-scaled-1-768x512.jpg",768,512,true],"large":["https:\/\/www.zeitpolster.com\/li\/wp-content\/uploads\/sites\/17\/2022\/07\/Briefkasten-1-scaled-1-1024x683.jpg",1024,683,true],"1536x1536":["https:\/\/www.zeitpolster.com\/li\/wp-content\/uploads\/sites\/17\/2022\/07\/Briefkasten-1-scaled-1-1536x1024.jpg",1536,1024,true],"2048x2048":["https:\/\/www.zeitpolster.com\/li\/wp-content\/uploads\/sites\/17\/2022\/07\/Briefkasten-1-scaled-1-2048x1366.jpg",2048,1366,true],"gb-block-post-grid-landscape":["https:\/\/www.zeitpolster.com\/li\/wp-content\/uploads\/sites\/17\/2022\/07\/Briefkasten-1-scaled-1-600x400.jpg",600,400,true],"gb-block-post-grid-square":["https:\/\/www.zeitpolster.com\/li\/wp-content\/uploads\/sites\/17\/2022\/07\/Briefkasten-1-scaled-1-600x600.jpg",600,600,true],"woocommerce_thumbnail":["https:\/\/www.zeitpolster.com\/li\/wp-content\/uploads\/sites\/17\/2022\/07\/Briefkasten-1-scaled-1-300x200.jpg",300,200,true],"woocommerce_single":["https:\/\/www.zeitpolster.com\/li\/wp-content\/uploads\/sites\/17\/2022\/07\/Briefkasten-1-scaled-1-600x400.jpg",600,400,true],"woocommerce_gallery_thumbnail":["https:\/\/www.zeitpolster.com\/li\/wp-content\/uploads\/sites\/17\/2022\/07\/Briefkasten-1-scaled-1-100x100.jpg",100,100,true]},"uagb_author_info":{"display_name":"judith oehri","author_link":"https:\/\/www.zeitpolster.com\/li\/author\/judith-oehri\/"},"uagb_comment_info":1,"uagb_excerpt":"Zeitpolster bietet seit zwei Jahren Dienstleistungen f\u00fcr \u00e4ltere Menschen im Sinne einer organisierten Nachbarschaftshilfe an. Neu soll das Angebot und die Altersgruppen ausgeweitet werden. Konkret heisst dies folgendes: Neu k\u00f6nnen s\u00e4mtliche Dienstleistungen von Personen aller Altersgruppen in Anspruch genommen werden. Konkret bedeutet dies in Bezug auf bestehende Dienstleistungen, dass beispielsweise auch Fahrten f\u00fcr j\u00fcngere Menschen&hellip;","_links":{"self":[{"href":"https:\/\/www.zeitpolster.com\/li\/wp-json\/wp\/v2\/posts\/4577","targetHints":{"allow":["GET"]}}],"collection":[{"href":"https:\/\/www.zeitpolster.com\/li\/wp-json\/wp\/v2\/posts"}],"about":[{"href":"https:\/\/www.zeitpolster.com\/li\/wp-json\/wp\/v2\/types\/post"}],"author":[{"embeddable":true,"href":"https:\/\/www.zeitpolster.com\/li\/wp-json\/wp\/v2\/users\/6"}],"replies":[{"embeddable":true,"href":"https:\/\/www.zeitpolster.com\/li\/wp-json\/wp\/v2\/comments?post=4577"}],"version-history":[{"count":0,"href":"https:\/\/www.zeitpolster.com\/li\/wp-json\/wp\/v2\/posts\/4577\/revisions"}],"wp:featuredmedia":[{"embeddable":true,"href":"https:\/\/www.zeitpolster.com\/li\/wp-json\/wp\/v2\/media\/5898"}],"wp:attachment":[{"href":"https:\/\/www.zeitpolster.com\/li\/wp-json\/wp\/v2\/media?parent=4577"}],"wp:term":[{"taxonomy":"category","embeddable":true,"href":"https:\/\/www.zeitpolster.com\/li\/wp-json\/wp\/v2\/categories?post=4577"},{"taxonomy":"post_tag","embeddable":true,"href":"https:\/\/www.zeitpolster.com\/li\/wp-json\/wp\/v2\/tags?post=4577"}],"curies":[{"name":"wp","href":"https:\/\/api.w.org\/{rel}","templated":true}]}}