{"id":4159,"date":"2022-04-20T10:40:40","date_gmt":"2022-04-20T08:40:40","guid":{"rendered":"https:\/\/www.zeitpolster.li\/?p=4159"},"modified":"2022-08-16T09:29:52","modified_gmt":"2022-08-16T07:29:52","slug":"anlass-fuer-helfende-unterland","status":"publish","type":"post","link":"https:\/\/www.zeitpolster.com\/li\/anlass-fuer-helfende-unterland\/","title":{"rendered":"Anlass f\u00fcr Helfende Unterland"},"content":{"rendered":"\n<p>Damit sich die Helfenden von Zeitpolster kennen lernen und austauschen k\u00f6nnen, findet ein Anlass f\u00fcr die Helfenden im Mai statt. Wir freuen uns, wenn wir m\u00f6glichst viele unserer Mitglieder bei diesem Termin begr\u00fcssen d\u00fcrfen. Anmeldungen<strong> <u>bis 16. April 2022<\/u> per Mail an <\/strong><a href=\"mailto:asbue@powersurf.li\"><strong>asbue@powersurf.li<\/strong><\/a><strong> oder telefonisch +423 791 39 10.<\/strong><\/p>\n\n\n\n<p><strong>Treffpunkt:&nbsp;&nbsp;&nbsp;&nbsp;&nbsp;&nbsp; &nbsp;Kulturhaus R\u00f6ssle, Mauren, Peter- und Paul-Strasse 43<\/strong><\/p>\n\n\n\n<p><strong>Datum:&nbsp;&nbsp;&nbsp;&nbsp;&nbsp;&nbsp;&nbsp;&nbsp;&nbsp;&nbsp;&nbsp;&nbsp;&nbsp;&nbsp; Freitag, 13. Mai 2022<br>Eintreffen: &nbsp;&nbsp;&nbsp;&nbsp;&nbsp;&nbsp;&nbsp; ca. 17.30 Uhr<\/strong><\/p>\n\n\n\n<p><strong>F\u00fchrung:&nbsp;&nbsp;&nbsp;&nbsp;&nbsp;&nbsp;&nbsp;&nbsp;&nbsp;&nbsp;&nbsp; bei Interesse, 18.15 Uhr (Dauer \u00bd Stunde)<\/strong><\/p>\n","protected":false},"excerpt":{"rendered":"<p>Damit sich die Helfenden von Zeitpolster kennen lernen und austauschen k\u00f6nnen, findet ein Anlass f\u00fcr die Helfenden im Mai statt. Wir freuen uns, wenn wir m\u00f6glichst viele unserer Mitglieder bei diesem Termin begr\u00fcssen d\u00fcrfen. Anmeldungen bis 16. April 2022 per Mail an asbue@powersurf.li oder telefonisch +423 791 39 10. Treffpunkt:&nbsp;&nbsp;&nbsp;&nbsp;&nbsp;&nbsp; &nbsp;Kulturhaus R\u00f6ssle, Mauren, Peter- und [&hellip;]<\/p>\n","protected":false},"author":6,"featured_media":0,"comment_status":"closed","ping_status":"closed","sticky":false,"template":"","format":"standard","meta":{"_bbp_topic_count":0,"_bbp_reply_count":0,"_bbp_total_topic_count":0,"_bbp_total_reply_count":0,"_bbp_voice_count":0,"_bbp_anonymous_reply_count":0,"_bbp_topic_count_hidden":0,"_bbp_reply_count_hidden":0,"_bbp_forum_subforum_count":0,"_uag_custom_page_level_css":"","site-sidebar-layout":"default","site-content-layout":"","ast-site-content-layout":"default","site-content-style":"default","site-sidebar-style":"default","ast-global-header-display":"","ast-banner-title-visibility":"","ast-main-header-display":"","ast-hfb-above-header-display":"","ast-hfb-below-header-display":"","ast-hfb-mobile-header-display":"","site-post-title":"","ast-breadcrumbs-content":"","ast-featured-img":"","footer-sml-layout":"","ast-disable-related-posts":"","theme-transparent-header-meta":"","adv-header-id-meta":"","stick-header-meta":"","header-above-stick-meta":"","header-main-stick-meta":"","header-below-stick-meta":"","astra-migrate-meta-layouts":"default","ast-page-background-enabled":"default","ast-page-background-meta":{"desktop":{"background-color":"","background-image":"","background-repeat":"repeat","background-position":"center center","background-size":"auto","background-attachment":"scroll","background-type":"","background-media":"","overlay-type":"","overlay-color":"","overlay-opacity":"","overlay-gradient":""},"tablet":{"background-color":"","background-image":"","background-repeat":"repeat","background-position":"center center","background-size":"auto","background-attachment":"scroll","background-type":"","background-media":"","overlay-type":"","overlay-color":"","overlay-opacity":"","overlay-gradient":""},"mobile":{"background-color":"","background-image":"","background-repeat":"repeat","background-position":"center center","background-size":"auto","background-attachment":"scroll","background-type":"","background-media":"","overlay-type":"","overlay-color":"","overlay-opacity":"","overlay-gradient":""}},"ast-content-background-meta":{"desktop":{"background-color":"var(--ast-global-color-5)","background-image":"","background-repeat":"repeat","background-position":"center center","background-size":"auto","background-attachment":"scroll","background-type":"","background-media":"","overlay-type":"","overlay-color":"","overlay-opacity":"","overlay-gradient":""},"tablet":{"background-color":"var(--ast-global-color-5)","background-image":"","background-repeat":"repeat","background-position":"center center","background-size":"auto","background-attachment":"scroll","background-type":"","background-media":"","overlay-type":"","overlay-color":"","overlay-opacity":"","overlay-gradient":""},"mobile":{"background-color":"var(--ast-global-color-5)","background-image":"","background-repeat":"repeat","background-position":"center center","background-size":"auto","background-attachment":"scroll","background-type":"","background-media":"","overlay-type":"","overlay-color":"","overlay-opacity":"","overlay-gradient":""}},"footnotes":""},"categories":[1],"tags":[],"class_list":["post-4159","post","type-post","status-publish","format-standard","hentry","category-unkategorisiert"],"yoast_head":"<!-- This site is optimized with the Yoast SEO plugin v27.5 - https:\/\/yoast.com\/product\/yoast-seo-wordpress\/ -->\n<title>Anlass f\u00fcr Helfende Unterland - Zeitpolster Liechtenstein<\/title>\n<meta name=\"robots\" content=\"index, follow, max-snippet:-1, max-image-preview:large, max-video-preview:-1\" \/>\n<link rel=\"canonical\" href=\"https:\/\/www.zeitpolster.com\/li\/anlass-fuer-helfende-unterland\/\" \/>\n<meta property=\"og:locale\" content=\"de_DE\" \/>\n<meta property=\"og:type\" content=\"article\" \/>\n<meta property=\"og:title\" content=\"Anlass f\u00fcr Helfende Unterland - Zeitpolster Liechtenstein\" \/>\n<meta property=\"og:description\" content=\"Damit sich die Helfenden von Zeitpolster kennen lernen und austauschen k\u00f6nnen, findet ein Anlass f\u00fcr die Helfenden im Mai statt. Wir freuen uns, wenn wir m\u00f6glichst viele unserer Mitglieder bei diesem Termin begr\u00fcssen d\u00fcrfen. Anmeldungen bis 16. April 2022 per Mail an asbue@powersurf.li oder telefonisch +423 791 39 10. Treffpunkt:&nbsp;&nbsp;&nbsp;&nbsp;&nbsp;&nbsp; &nbsp;Kulturhaus R\u00f6ssle, Mauren, Peter- und [&hellip;]\" \/>\n<meta property=\"og:url\" content=\"https:\/\/www.zeitpolster.com\/li\/anlass-fuer-helfende-unterland\/\" \/>\n<meta property=\"og:site_name\" content=\"Zeitpolster Liechtenstein\" \/>\n<meta property=\"article:published_time\" content=\"2022-04-20T08:40:40+00:00\" \/>\n<meta property=\"article:modified_time\" content=\"2022-08-16T07:29:52+00:00\" \/>\n<meta name=\"author\" content=\"judith oehri\" \/>\n<meta name=\"twitter:card\" content=\"summary_large_image\" \/>\n<meta name=\"twitter:label1\" content=\"Geschrieben von\" \/>\n\t<meta name=\"twitter:data1\" content=\"judith oehri\" \/>\n\t<meta name=\"twitter:label2\" content=\"Gesch\u00e4tzte Lesezeit\" \/>\n\t<meta name=\"twitter:data2\" content=\"1\u00a0Minute\" \/>\n<script type=\"application\/ld+json\" class=\"yoast-schema-graph\">{\"@context\":\"https:\\\/\\\/schema.org\",\"@graph\":[{\"@type\":\"Article\",\"@id\":\"https:\\\/\\\/www.zeitpolster.com\\\/li\\\/anlass-fuer-helfende-unterland\\\/#article\",\"isPartOf\":{\"@id\":\"https:\\\/\\\/www.zeitpolster.com\\\/li\\\/anlass-fuer-helfende-unterland\\\/\"},\"author\":{\"name\":\"judith oehri\",\"@id\":\"https:\\\/\\\/www.zeitpolster.com\\\/li\\\/#\\\/schema\\\/person\\\/18ca77d217029d02cf111d812c9a4a6d\"},\"headline\":\"Anlass f\u00fcr Helfende Unterland\",\"datePublished\":\"2022-04-20T08:40:40+00:00\",\"dateModified\":\"2022-08-16T07:29:52+00:00\",\"mainEntityOfPage\":{\"@id\":\"https:\\\/\\\/www.zeitpolster.com\\\/li\\\/anlass-fuer-helfende-unterland\\\/\"},\"wordCount\":115,\"publisher\":{\"@id\":\"https:\\\/\\\/www.zeitpolster.com\\\/li\\\/#organization\"},\"articleSection\":[\"Unkategorisiert\"],\"inLanguage\":\"de\"},{\"@type\":\"WebPage\",\"@id\":\"https:\\\/\\\/www.zeitpolster.com\\\/li\\\/anlass-fuer-helfende-unterland\\\/\",\"url\":\"https:\\\/\\\/www.zeitpolster.com\\\/li\\\/anlass-fuer-helfende-unterland\\\/\",\"name\":\"Anlass f\u00fcr Helfende Unterland - Zeitpolster Liechtenstein\",\"isPartOf\":{\"@id\":\"https:\\\/\\\/www.zeitpolster.com\\\/li\\\/#website\"},\"datePublished\":\"2022-04-20T08:40:40+00:00\",\"dateModified\":\"2022-08-16T07:29:52+00:00\",\"breadcrumb\":{\"@id\":\"https:\\\/\\\/www.zeitpolster.com\\\/li\\\/anlass-fuer-helfende-unterland\\\/#breadcrumb\"},\"inLanguage\":\"de\",\"potentialAction\":[{\"@type\":\"ReadAction\",\"target\":[\"https:\\\/\\\/www.zeitpolster.com\\\/li\\\/anlass-fuer-helfende-unterland\\\/\"]}]},{\"@type\":\"BreadcrumbList\",\"@id\":\"https:\\\/\\\/www.zeitpolster.com\\\/li\\\/anlass-fuer-helfende-unterland\\\/#breadcrumb\",\"itemListElement\":[{\"@type\":\"ListItem\",\"position\":1,\"name\":\"Startseite\",\"item\":\"https:\\\/\\\/www.zeitpolster.com\\\/li\\\/\"},{\"@type\":\"ListItem\",\"position\":2,\"name\":\"Anlass f\u00fcr Helfende Unterland\"}]},{\"@type\":\"WebSite\",\"@id\":\"https:\\\/\\\/www.zeitpolster.com\\\/li\\\/#website\",\"url\":\"https:\\\/\\\/www.zeitpolster.com\\\/li\\\/\",\"name\":\"Zeitpolster Liechtenstein\",\"description\":\"Verein f\u00fcr Zeitvorsorge\",\"publisher\":{\"@id\":\"https:\\\/\\\/www.zeitpolster.com\\\/li\\\/#organization\"},\"potentialAction\":[{\"@type\":\"SearchAction\",\"target\":{\"@type\":\"EntryPoint\",\"urlTemplate\":\"https:\\\/\\\/www.zeitpolster.com\\\/li\\\/?s={search_term_string}\"},\"query-input\":{\"@type\":\"PropertyValueSpecification\",\"valueRequired\":true,\"valueName\":\"search_term_string\"}}],\"inLanguage\":\"de\"},{\"@type\":\"Organization\",\"@id\":\"https:\\\/\\\/www.zeitpolster.com\\\/li\\\/#organization\",\"name\":\"Zeitpolster Liechtenstein\",\"url\":\"https:\\\/\\\/www.zeitpolster.com\\\/li\\\/\",\"logo\":{\"@type\":\"ImageObject\",\"inLanguage\":\"de\",\"@id\":\"https:\\\/\\\/www.zeitpolster.com\\\/li\\\/#\\\/schema\\\/logo\\\/image\\\/\",\"url\":\"https:\\\/\\\/www.zeitpolster.com\\\/li\\\/wp-content\\\/uploads\\\/sites\\\/17\\\/2019\\\/10\\\/logo_green-2.png\",\"contentUrl\":\"https:\\\/\\\/www.zeitpolster.com\\\/li\\\/wp-content\\\/uploads\\\/sites\\\/17\\\/2019\\\/10\\\/logo_green-2.png\",\"width\":361,\"height\":192,\"caption\":\"Zeitpolster Liechtenstein\"},\"image\":{\"@id\":\"https:\\\/\\\/www.zeitpolster.com\\\/li\\\/#\\\/schema\\\/logo\\\/image\\\/\"}},{\"@type\":\"Person\",\"@id\":\"https:\\\/\\\/www.zeitpolster.com\\\/li\\\/#\\\/schema\\\/person\\\/18ca77d217029d02cf111d812c9a4a6d\",\"name\":\"judith oehri\",\"image\":{\"@type\":\"ImageObject\",\"inLanguage\":\"de\",\"@id\":\"https:\\\/\\\/secure.gravatar.com\\\/avatar\\\/32e3f36a87b6bd4424f8e6ddf1488fc4f4c6a9424857c658a124bef13422a81c?s=96&d=mm&r=g\",\"url\":\"https:\\\/\\\/secure.gravatar.com\\\/avatar\\\/32e3f36a87b6bd4424f8e6ddf1488fc4f4c6a9424857c658a124bef13422a81c?s=96&d=mm&r=g\",\"contentUrl\":\"https:\\\/\\\/secure.gravatar.com\\\/avatar\\\/32e3f36a87b6bd4424f8e6ddf1488fc4f4c6a9424857c658a124bef13422a81c?s=96&d=mm&r=g\",\"caption\":\"judith oehri\"},\"url\":\"https:\\\/\\\/www.zeitpolster.com\\\/li\\\/author\\\/judith-oehri\\\/\"}]}<\/script>\n<!-- \/ Yoast SEO plugin. -->","yoast_head_json":{"title":"Anlass f\u00fcr Helfende Unterland - Zeitpolster Liechtenstein","robots":{"index":"index","follow":"follow","max-snippet":"max-snippet:-1","max-image-preview":"max-image-preview:large","max-video-preview":"max-video-preview:-1"},"canonical":"https:\/\/www.zeitpolster.com\/li\/anlass-fuer-helfende-unterland\/","og_locale":"de_DE","og_type":"article","og_title":"Anlass f\u00fcr Helfende Unterland - Zeitpolster Liechtenstein","og_description":"Damit sich die Helfenden von Zeitpolster kennen lernen und austauschen k\u00f6nnen, findet ein Anlass f\u00fcr die Helfenden im Mai statt. Wir freuen uns, wenn wir m\u00f6glichst viele unserer Mitglieder bei diesem Termin begr\u00fcssen d\u00fcrfen. Anmeldungen bis 16. April 2022 per Mail an asbue@powersurf.li oder telefonisch +423 791 39 10. Treffpunkt:&nbsp;&nbsp;&nbsp;&nbsp;&nbsp;&nbsp; &nbsp;Kulturhaus R\u00f6ssle, Mauren, Peter- und [&hellip;]","og_url":"https:\/\/www.zeitpolster.com\/li\/anlass-fuer-helfende-unterland\/","og_site_name":"Zeitpolster Liechtenstein","article_published_time":"2022-04-20T08:40:40+00:00","article_modified_time":"2022-08-16T07:29:52+00:00","author":"judith oehri","twitter_card":"summary_large_image","twitter_misc":{"Geschrieben von":"judith oehri","Gesch\u00e4tzte Lesezeit":"1\u00a0Minute"},"schema":{"@context":"https:\/\/schema.org","@graph":[{"@type":"Article","@id":"https:\/\/www.zeitpolster.com\/li\/anlass-fuer-helfende-unterland\/#article","isPartOf":{"@id":"https:\/\/www.zeitpolster.com\/li\/anlass-fuer-helfende-unterland\/"},"author":{"name":"judith oehri","@id":"https:\/\/www.zeitpolster.com\/li\/#\/schema\/person\/18ca77d217029d02cf111d812c9a4a6d"},"headline":"Anlass f\u00fcr Helfende Unterland","datePublished":"2022-04-20T08:40:40+00:00","dateModified":"2022-08-16T07:29:52+00:00","mainEntityOfPage":{"@id":"https:\/\/www.zeitpolster.com\/li\/anlass-fuer-helfende-unterland\/"},"wordCount":115,"publisher":{"@id":"https:\/\/www.zeitpolster.com\/li\/#organization"},"articleSection":["Unkategorisiert"],"inLanguage":"de"},{"@type":"WebPage","@id":"https:\/\/www.zeitpolster.com\/li\/anlass-fuer-helfende-unterland\/","url":"https:\/\/www.zeitpolster.com\/li\/anlass-fuer-helfende-unterland\/","name":"Anlass f\u00fcr Helfende Unterland - Zeitpolster Liechtenstein","isPartOf":{"@id":"https:\/\/www.zeitpolster.com\/li\/#website"},"datePublished":"2022-04-20T08:40:40+00:00","dateModified":"2022-08-16T07:29:52+00:00","breadcrumb":{"@id":"https:\/\/www.zeitpolster.com\/li\/anlass-fuer-helfende-unterland\/#breadcrumb"},"inLanguage":"de","potentialAction":[{"@type":"ReadAction","target":["https:\/\/www.zeitpolster.com\/li\/anlass-fuer-helfende-unterland\/"]}]},{"@type":"BreadcrumbList","@id":"https:\/\/www.zeitpolster.com\/li\/anlass-fuer-helfende-unterland\/#breadcrumb","itemListElement":[{"@type":"ListItem","position":1,"name":"Startseite","item":"https:\/\/www.zeitpolster.com\/li\/"},{"@type":"ListItem","position":2,"name":"Anlass f\u00fcr Helfende Unterland"}]},{"@type":"WebSite","@id":"https:\/\/www.zeitpolster.com\/li\/#website","url":"https:\/\/www.zeitpolster.com\/li\/","name":"Zeitpolster Liechtenstein","description":"Verein f\u00fcr Zeitvorsorge","publisher":{"@id":"https:\/\/www.zeitpolster.com\/li\/#organization"},"potentialAction":[{"@type":"SearchAction","target":{"@type":"EntryPoint","urlTemplate":"https:\/\/www.zeitpolster.com\/li\/?s={search_term_string}"},"query-input":{"@type":"PropertyValueSpecification","valueRequired":true,"valueName":"search_term_string"}}],"inLanguage":"de"},{"@type":"Organization","@id":"https:\/\/www.zeitpolster.com\/li\/#organization","name":"Zeitpolster Liechtenstein","url":"https:\/\/www.zeitpolster.com\/li\/","logo":{"@type":"ImageObject","inLanguage":"de","@id":"https:\/\/www.zeitpolster.com\/li\/#\/schema\/logo\/image\/","url":"https:\/\/www.zeitpolster.com\/li\/wp-content\/uploads\/sites\/17\/2019\/10\/logo_green-2.png","contentUrl":"https:\/\/www.zeitpolster.com\/li\/wp-content\/uploads\/sites\/17\/2019\/10\/logo_green-2.png","width":361,"height":192,"caption":"Zeitpolster Liechtenstein"},"image":{"@id":"https:\/\/www.zeitpolster.com\/li\/#\/schema\/logo\/image\/"}},{"@type":"Person","@id":"https:\/\/www.zeitpolster.com\/li\/#\/schema\/person\/18ca77d217029d02cf111d812c9a4a6d","name":"judith oehri","image":{"@type":"ImageObject","inLanguage":"de","@id":"https:\/\/secure.gravatar.com\/avatar\/32e3f36a87b6bd4424f8e6ddf1488fc4f4c6a9424857c658a124bef13422a81c?s=96&d=mm&r=g","url":"https:\/\/secure.gravatar.com\/avatar\/32e3f36a87b6bd4424f8e6ddf1488fc4f4c6a9424857c658a124bef13422a81c?s=96&d=mm&r=g","contentUrl":"https:\/\/secure.gravatar.com\/avatar\/32e3f36a87b6bd4424f8e6ddf1488fc4f4c6a9424857c658a124bef13422a81c?s=96&d=mm&r=g","caption":"judith oehri"},"url":"https:\/\/www.zeitpolster.com\/li\/author\/judith-oehri\/"}]}},"featured_image_src":null,"featured_image_src_square":null,"author_info":{"display_name":"judith oehri","author_link":"https:\/\/www.zeitpolster.com\/li\/author\/judith-oehri\/"},"uagb_featured_image_src":{"full":false,"thumbnail":false,"medium":false,"medium_large":false,"large":false,"1536x1536":false,"2048x2048":false,"gb-block-post-grid-landscape":false,"gb-block-post-grid-square":false,"woocommerce_thumbnail":false,"woocommerce_single":false,"woocommerce_gallery_thumbnail":false},"uagb_author_info":{"display_name":"judith oehri","author_link":"https:\/\/www.zeitpolster.com\/li\/author\/judith-oehri\/"},"uagb_comment_info":1,"uagb_excerpt":"Damit sich die Helfenden von Zeitpolster kennen lernen und austauschen k\u00f6nnen, findet ein Anlass f\u00fcr die Helfenden im Mai statt. Wir freuen uns, wenn wir m\u00f6glichst viele unserer Mitglieder bei diesem Termin begr\u00fcssen d\u00fcrfen. Anmeldungen bis 16. April 2022 per Mail an asbue@powersurf.li oder telefonisch +423 791 39 10. Treffpunkt:&nbsp;&nbsp;&nbsp;&nbsp;&nbsp;&nbsp; &nbsp;Kulturhaus R\u00f6ssle, Mauren, Peter- und&hellip;","_links":{"self":[{"href":"https:\/\/www.zeitpolster.com\/li\/wp-json\/wp\/v2\/posts\/4159","targetHints":{"allow":["GET"]}}],"collection":[{"href":"https:\/\/www.zeitpolster.com\/li\/wp-json\/wp\/v2\/posts"}],"about":[{"href":"https:\/\/www.zeitpolster.com\/li\/wp-json\/wp\/v2\/types\/post"}],"author":[{"embeddable":true,"href":"https:\/\/www.zeitpolster.com\/li\/wp-json\/wp\/v2\/users\/6"}],"replies":[{"embeddable":true,"href":"https:\/\/www.zeitpolster.com\/li\/wp-json\/wp\/v2\/comments?post=4159"}],"version-history":[{"count":0,"href":"https:\/\/www.zeitpolster.com\/li\/wp-json\/wp\/v2\/posts\/4159\/revisions"}],"wp:attachment":[{"href":"https:\/\/www.zeitpolster.com\/li\/wp-json\/wp\/v2\/media?parent=4159"}],"wp:term":[{"taxonomy":"category","embeddable":true,"href":"https:\/\/www.zeitpolster.com\/li\/wp-json\/wp\/v2\/categories?post=4159"},{"taxonomy":"post_tag","embeddable":true,"href":"https:\/\/www.zeitpolster.com\/li\/wp-json\/wp\/v2\/tags?post=4159"}],"curies":[{"name":"wp","href":"https:\/\/api.w.org\/{rel}","templated":true}]}}