{"id":3878,"date":"2021-09-28T16:45:40","date_gmt":"2021-09-28T14:45:40","guid":{"rendered":"https:\/\/www.zeitpolster.li\/?p=3878"},"modified":"2022-08-16T09:06:54","modified_gmt":"2022-08-16T07:06:54","slug":"jahrmarkt-in-vaduz-2-oktober-2021","status":"publish","type":"post","link":"https:\/\/www.zeitpolster.com\/li\/jahrmarkt-in-vaduz-2-oktober-2021\/","title":{"rendered":"Jahrmarkt in Vaduz &#8211; 2. Oktober 2021"},"content":{"rendered":"\n<p>Endlich findet er wieder statt, der Jahrmarkt in Vaduz! Um die beh\u00f6rdlichen Vorgaben einhalten zu k\u00f6nnen, wurde die Fl\u00e4che ausgeweitet und zwischen den einzelnen St\u00e4nden gibt es mehr Abstand. Es wird auch eine Laufrichtung empfohlen, so dass es keinen Gegenverkehr geben sollte.<\/p>\n\n\n\n<p>Interessierte finden Zeitpolster am Stand 429 beim Postgeb\u00e4ude. Wir freuen uns auf euren Besuch. Vormittags ist die Gesch\u00e4ftsf\u00fchrerin Judith Oehri zusammen mit Ir\u00e8ne Ospelt vor Ort, nachmittags geben ab ca. 14.00 h der Pr\u00e4sident des Vereins Zeitvorsorge Liechtenstein und Monika Stahl gerne Auskunft.<\/p>\n\n\n\n<p><\/p>\n","protected":false},"excerpt":{"rendered":"<p>Endlich findet er wieder statt, der Jahrmarkt in Vaduz! Um die beh\u00f6rdlichen Vorgaben einhalten zu k\u00f6nnen, wurde die Fl\u00e4che ausgeweitet und zwischen den einzelnen St\u00e4nden gibt es mehr Abstand. Es wird auch eine Laufrichtung empfohlen, so dass es keinen Gegenverkehr geben sollte. Interessierte finden Zeitpolster am Stand 429 beim Postgeb\u00e4ude. Wir freuen uns auf euren [&hellip;]<\/p>\n","protected":false},"author":6,"featured_media":6022,"comment_status":"closed","ping_status":"closed","sticky":false,"template":"","format":"standard","meta":{"_bbp_topic_count":0,"_bbp_reply_count":0,"_bbp_total_topic_count":0,"_bbp_total_reply_count":0,"_bbp_voice_count":0,"_bbp_anonymous_reply_count":0,"_bbp_topic_count_hidden":0,"_bbp_reply_count_hidden":0,"_bbp_forum_subforum_count":0,"_uag_custom_page_level_css":"","site-sidebar-layout":"default","site-content-layout":"default","ast-site-content-layout":"default","site-content-style":"default","site-sidebar-style":"default","ast-global-header-display":"","ast-banner-title-visibility":"","ast-main-header-display":"","ast-hfb-above-header-display":"","ast-hfb-below-header-display":"","ast-hfb-mobile-header-display":"","site-post-title":"","ast-breadcrumbs-content":"","ast-featured-img":"","footer-sml-layout":"","ast-disable-related-posts":"","theme-transparent-header-meta":"default","adv-header-id-meta":"","stick-header-meta":"","header-above-stick-meta":"","header-main-stick-meta":"","header-below-stick-meta":"","astra-migrate-meta-layouts":"default","ast-page-background-enabled":"default","ast-page-background-meta":{"desktop":{"background-color":"","background-image":"","background-repeat":"repeat","background-position":"center center","background-size":"auto","background-attachment":"scroll","background-type":"","background-media":"","overlay-type":"","overlay-color":"","overlay-opacity":"","overlay-gradient":""},"tablet":{"background-color":"","background-image":"","background-repeat":"repeat","background-position":"center center","background-size":"auto","background-attachment":"scroll","background-type":"","background-media":"","overlay-type":"","overlay-color":"","overlay-opacity":"","overlay-gradient":""},"mobile":{"background-color":"","background-image":"","background-repeat":"repeat","background-position":"center center","background-size":"auto","background-attachment":"scroll","background-type":"","background-media":"","overlay-type":"","overlay-color":"","overlay-opacity":"","overlay-gradient":""}},"ast-content-background-meta":{"desktop":{"background-color":"var(--ast-global-color-5)","background-image":"","background-repeat":"repeat","background-position":"center center","background-size":"auto","background-attachment":"scroll","background-type":"","background-media":"","overlay-type":"","overlay-color":"","overlay-opacity":"","overlay-gradient":""},"tablet":{"background-color":"var(--ast-global-color-5)","background-image":"","background-repeat":"repeat","background-position":"center center","background-size":"auto","background-attachment":"scroll","background-type":"","background-media":"","overlay-type":"","overlay-color":"","overlay-opacity":"","overlay-gradient":""},"mobile":{"background-color":"var(--ast-global-color-5)","background-image":"","background-repeat":"repeat","background-position":"center center","background-size":"auto","background-attachment":"scroll","background-type":"","background-media":"","overlay-type":"","overlay-color":"","overlay-opacity":"","overlay-gradient":""}},"footnotes":""},"categories":[1],"tags":[],"class_list":["post-3878","post","type-post","status-publish","format-standard","has-post-thumbnail","hentry","category-unkategorisiert"],"yoast_head":"<!-- This site is optimized with the Yoast SEO plugin v27.5 - https:\/\/yoast.com\/product\/yoast-seo-wordpress\/ -->\n<title>Jahrmarkt in Vaduz - 2. Oktober 2021 - Zeitpolster Liechtenstein<\/title>\n<meta name=\"robots\" content=\"index, follow, max-snippet:-1, max-image-preview:large, max-video-preview:-1\" \/>\n<link rel=\"canonical\" href=\"https:\/\/www.zeitpolster.com\/li\/jahrmarkt-in-vaduz-2-oktober-2021\/\" \/>\n<meta property=\"og:locale\" content=\"de_DE\" \/>\n<meta property=\"og:type\" content=\"article\" \/>\n<meta property=\"og:title\" content=\"Jahrmarkt in Vaduz - 2. Oktober 2021 - Zeitpolster Liechtenstein\" \/>\n<meta property=\"og:description\" content=\"Endlich findet er wieder statt, der Jahrmarkt in Vaduz! Um die beh\u00f6rdlichen Vorgaben einhalten zu k\u00f6nnen, wurde die Fl\u00e4che ausgeweitet und zwischen den einzelnen St\u00e4nden gibt es mehr Abstand. Es wird auch eine Laufrichtung empfohlen, so dass es keinen Gegenverkehr geben sollte. Interessierte finden Zeitpolster am Stand 429 beim Postgeb\u00e4ude. Wir freuen uns auf euren [&hellip;]\" \/>\n<meta property=\"og:url\" content=\"https:\/\/www.zeitpolster.com\/li\/jahrmarkt-in-vaduz-2-oktober-2021\/\" \/>\n<meta property=\"og:site_name\" content=\"Zeitpolster Liechtenstein\" \/>\n<meta property=\"article:published_time\" content=\"2021-09-28T14:45:40+00:00\" \/>\n<meta property=\"article:modified_time\" content=\"2022-08-16T07:06:54+00:00\" \/>\n<meta property=\"og:image\" content=\"https:\/\/www.zeitpolster.com\/li\/wp-content\/uploads\/sites\/17\/2021\/09\/Jahrmarkt-Vaduz.jpg\" \/>\n\t<meta property=\"og:image:width\" content=\"1086\" \/>\n\t<meta property=\"og:image:height\" content=\"724\" \/>\n\t<meta property=\"og:image:type\" content=\"image\/jpeg\" \/>\n<meta name=\"author\" content=\"judith oehri\" \/>\n<meta name=\"twitter:card\" content=\"summary_large_image\" \/>\n<meta name=\"twitter:label1\" content=\"Geschrieben von\" \/>\n\t<meta name=\"twitter:data1\" content=\"judith oehri\" \/>\n<script type=\"application\/ld+json\" class=\"yoast-schema-graph\">{\"@context\":\"https:\\\/\\\/schema.org\",\"@graph\":[{\"@type\":\"Article\",\"@id\":\"https:\\\/\\\/www.zeitpolster.com\\\/li\\\/jahrmarkt-in-vaduz-2-oktober-2021\\\/#article\",\"isPartOf\":{\"@id\":\"https:\\\/\\\/www.zeitpolster.com\\\/li\\\/jahrmarkt-in-vaduz-2-oktober-2021\\\/\"},\"author\":{\"name\":\"judith oehri\",\"@id\":\"https:\\\/\\\/www.zeitpolster.com\\\/li\\\/#\\\/schema\\\/person\\\/18ca77d217029d02cf111d812c9a4a6d\"},\"headline\":\"Jahrmarkt in Vaduz &#8211; 2. Oktober 2021\",\"datePublished\":\"2021-09-28T14:45:40+00:00\",\"dateModified\":\"2022-08-16T07:06:54+00:00\",\"mainEntityOfPage\":{\"@id\":\"https:\\\/\\\/www.zeitpolster.com\\\/li\\\/jahrmarkt-in-vaduz-2-oktober-2021\\\/\"},\"wordCount\":97,\"publisher\":{\"@id\":\"https:\\\/\\\/www.zeitpolster.com\\\/li\\\/#organization\"},\"image\":{\"@id\":\"https:\\\/\\\/www.zeitpolster.com\\\/li\\\/jahrmarkt-in-vaduz-2-oktober-2021\\\/#primaryimage\"},\"thumbnailUrl\":\"https:\\\/\\\/www.zeitpolster.com\\\/li\\\/wp-content\\\/uploads\\\/sites\\\/17\\\/2021\\\/09\\\/Jahrmarkt-Vaduz.jpg\",\"articleSection\":[\"Unkategorisiert\"],\"inLanguage\":\"de\"},{\"@type\":\"WebPage\",\"@id\":\"https:\\\/\\\/www.zeitpolster.com\\\/li\\\/jahrmarkt-in-vaduz-2-oktober-2021\\\/\",\"url\":\"https:\\\/\\\/www.zeitpolster.com\\\/li\\\/jahrmarkt-in-vaduz-2-oktober-2021\\\/\",\"name\":\"Jahrmarkt in Vaduz - 2. Oktober 2021 - Zeitpolster Liechtenstein\",\"isPartOf\":{\"@id\":\"https:\\\/\\\/www.zeitpolster.com\\\/li\\\/#website\"},\"primaryImageOfPage\":{\"@id\":\"https:\\\/\\\/www.zeitpolster.com\\\/li\\\/jahrmarkt-in-vaduz-2-oktober-2021\\\/#primaryimage\"},\"image\":{\"@id\":\"https:\\\/\\\/www.zeitpolster.com\\\/li\\\/jahrmarkt-in-vaduz-2-oktober-2021\\\/#primaryimage\"},\"thumbnailUrl\":\"https:\\\/\\\/www.zeitpolster.com\\\/li\\\/wp-content\\\/uploads\\\/sites\\\/17\\\/2021\\\/09\\\/Jahrmarkt-Vaduz.jpg\",\"datePublished\":\"2021-09-28T14:45:40+00:00\",\"dateModified\":\"2022-08-16T07:06:54+00:00\",\"breadcrumb\":{\"@id\":\"https:\\\/\\\/www.zeitpolster.com\\\/li\\\/jahrmarkt-in-vaduz-2-oktober-2021\\\/#breadcrumb\"},\"inLanguage\":\"de\",\"potentialAction\":[{\"@type\":\"ReadAction\",\"target\":[\"https:\\\/\\\/www.zeitpolster.com\\\/li\\\/jahrmarkt-in-vaduz-2-oktober-2021\\\/\"]}]},{\"@type\":\"ImageObject\",\"inLanguage\":\"de\",\"@id\":\"https:\\\/\\\/www.zeitpolster.com\\\/li\\\/jahrmarkt-in-vaduz-2-oktober-2021\\\/#primaryimage\",\"url\":\"https:\\\/\\\/www.zeitpolster.com\\\/li\\\/wp-content\\\/uploads\\\/sites\\\/17\\\/2021\\\/09\\\/Jahrmarkt-Vaduz.jpg\",\"contentUrl\":\"https:\\\/\\\/www.zeitpolster.com\\\/li\\\/wp-content\\\/uploads\\\/sites\\\/17\\\/2021\\\/09\\\/Jahrmarkt-Vaduz.jpg\",\"width\":1086,\"height\":724,\"caption\":\"Jahrmarkt Vaduz aufgenommen am 06.10.2012 Kinder, Kind, Karussell, Markt St\u00e4nde, Marktstand, - FOTOS + COPYRIGHTS: DANIEL OSPELT\"},{\"@type\":\"BreadcrumbList\",\"@id\":\"https:\\\/\\\/www.zeitpolster.com\\\/li\\\/jahrmarkt-in-vaduz-2-oktober-2021\\\/#breadcrumb\",\"itemListElement\":[{\"@type\":\"ListItem\",\"position\":1,\"name\":\"Startseite\",\"item\":\"https:\\\/\\\/www.zeitpolster.com\\\/li\\\/\"},{\"@type\":\"ListItem\",\"position\":2,\"name\":\"Jahrmarkt in Vaduz &#8211; 2. Oktober 2021\"}]},{\"@type\":\"WebSite\",\"@id\":\"https:\\\/\\\/www.zeitpolster.com\\\/li\\\/#website\",\"url\":\"https:\\\/\\\/www.zeitpolster.com\\\/li\\\/\",\"name\":\"Zeitpolster Liechtenstein\",\"description\":\"Verein f\u00fcr Zeitvorsorge\",\"publisher\":{\"@id\":\"https:\\\/\\\/www.zeitpolster.com\\\/li\\\/#organization\"},\"potentialAction\":[{\"@type\":\"SearchAction\",\"target\":{\"@type\":\"EntryPoint\",\"urlTemplate\":\"https:\\\/\\\/www.zeitpolster.com\\\/li\\\/?s={search_term_string}\"},\"query-input\":{\"@type\":\"PropertyValueSpecification\",\"valueRequired\":true,\"valueName\":\"search_term_string\"}}],\"inLanguage\":\"de\"},{\"@type\":\"Organization\",\"@id\":\"https:\\\/\\\/www.zeitpolster.com\\\/li\\\/#organization\",\"name\":\"Zeitpolster Liechtenstein\",\"url\":\"https:\\\/\\\/www.zeitpolster.com\\\/li\\\/\",\"logo\":{\"@type\":\"ImageObject\",\"inLanguage\":\"de\",\"@id\":\"https:\\\/\\\/www.zeitpolster.com\\\/li\\\/#\\\/schema\\\/logo\\\/image\\\/\",\"url\":\"https:\\\/\\\/www.zeitpolster.com\\\/li\\\/wp-content\\\/uploads\\\/sites\\\/17\\\/2019\\\/10\\\/logo_green-2.png\",\"contentUrl\":\"https:\\\/\\\/www.zeitpolster.com\\\/li\\\/wp-content\\\/uploads\\\/sites\\\/17\\\/2019\\\/10\\\/logo_green-2.png\",\"width\":361,\"height\":192,\"caption\":\"Zeitpolster Liechtenstein\"},\"image\":{\"@id\":\"https:\\\/\\\/www.zeitpolster.com\\\/li\\\/#\\\/schema\\\/logo\\\/image\\\/\"}},{\"@type\":\"Person\",\"@id\":\"https:\\\/\\\/www.zeitpolster.com\\\/li\\\/#\\\/schema\\\/person\\\/18ca77d217029d02cf111d812c9a4a6d\",\"name\":\"judith oehri\",\"image\":{\"@type\":\"ImageObject\",\"inLanguage\":\"de\",\"@id\":\"https:\\\/\\\/secure.gravatar.com\\\/avatar\\\/32e3f36a87b6bd4424f8e6ddf1488fc4f4c6a9424857c658a124bef13422a81c?s=96&d=mm&r=g\",\"url\":\"https:\\\/\\\/secure.gravatar.com\\\/avatar\\\/32e3f36a87b6bd4424f8e6ddf1488fc4f4c6a9424857c658a124bef13422a81c?s=96&d=mm&r=g\",\"contentUrl\":\"https:\\\/\\\/secure.gravatar.com\\\/avatar\\\/32e3f36a87b6bd4424f8e6ddf1488fc4f4c6a9424857c658a124bef13422a81c?s=96&d=mm&r=g\",\"caption\":\"judith oehri\"},\"url\":\"https:\\\/\\\/www.zeitpolster.com\\\/li\\\/author\\\/judith-oehri\\\/\"}]}<\/script>\n<!-- \/ Yoast SEO plugin. -->","yoast_head_json":{"title":"Jahrmarkt in Vaduz - 2. Oktober 2021 - Zeitpolster Liechtenstein","robots":{"index":"index","follow":"follow","max-snippet":"max-snippet:-1","max-image-preview":"max-image-preview:large","max-video-preview":"max-video-preview:-1"},"canonical":"https:\/\/www.zeitpolster.com\/li\/jahrmarkt-in-vaduz-2-oktober-2021\/","og_locale":"de_DE","og_type":"article","og_title":"Jahrmarkt in Vaduz - 2. Oktober 2021 - Zeitpolster Liechtenstein","og_description":"Endlich findet er wieder statt, der Jahrmarkt in Vaduz! Um die beh\u00f6rdlichen Vorgaben einhalten zu k\u00f6nnen, wurde die Fl\u00e4che ausgeweitet und zwischen den einzelnen St\u00e4nden gibt es mehr Abstand. Es wird auch eine Laufrichtung empfohlen, so dass es keinen Gegenverkehr geben sollte. Interessierte finden Zeitpolster am Stand 429 beim Postgeb\u00e4ude. Wir freuen uns auf euren [&hellip;]","og_url":"https:\/\/www.zeitpolster.com\/li\/jahrmarkt-in-vaduz-2-oktober-2021\/","og_site_name":"Zeitpolster Liechtenstein","article_published_time":"2021-09-28T14:45:40+00:00","article_modified_time":"2022-08-16T07:06:54+00:00","og_image":[{"width":1086,"height":724,"url":"https:\/\/www.zeitpolster.com\/li\/wp-content\/uploads\/sites\/17\/2021\/09\/Jahrmarkt-Vaduz.jpg","type":"image\/jpeg"}],"author":"judith oehri","twitter_card":"summary_large_image","twitter_misc":{"Geschrieben von":"judith oehri"},"schema":{"@context":"https:\/\/schema.org","@graph":[{"@type":"Article","@id":"https:\/\/www.zeitpolster.com\/li\/jahrmarkt-in-vaduz-2-oktober-2021\/#article","isPartOf":{"@id":"https:\/\/www.zeitpolster.com\/li\/jahrmarkt-in-vaduz-2-oktober-2021\/"},"author":{"name":"judith oehri","@id":"https:\/\/www.zeitpolster.com\/li\/#\/schema\/person\/18ca77d217029d02cf111d812c9a4a6d"},"headline":"Jahrmarkt in Vaduz &#8211; 2. Oktober 2021","datePublished":"2021-09-28T14:45:40+00:00","dateModified":"2022-08-16T07:06:54+00:00","mainEntityOfPage":{"@id":"https:\/\/www.zeitpolster.com\/li\/jahrmarkt-in-vaduz-2-oktober-2021\/"},"wordCount":97,"publisher":{"@id":"https:\/\/www.zeitpolster.com\/li\/#organization"},"image":{"@id":"https:\/\/www.zeitpolster.com\/li\/jahrmarkt-in-vaduz-2-oktober-2021\/#primaryimage"},"thumbnailUrl":"https:\/\/www.zeitpolster.com\/li\/wp-content\/uploads\/sites\/17\/2021\/09\/Jahrmarkt-Vaduz.jpg","articleSection":["Unkategorisiert"],"inLanguage":"de"},{"@type":"WebPage","@id":"https:\/\/www.zeitpolster.com\/li\/jahrmarkt-in-vaduz-2-oktober-2021\/","url":"https:\/\/www.zeitpolster.com\/li\/jahrmarkt-in-vaduz-2-oktober-2021\/","name":"Jahrmarkt in Vaduz - 2. Oktober 2021 - Zeitpolster Liechtenstein","isPartOf":{"@id":"https:\/\/www.zeitpolster.com\/li\/#website"},"primaryImageOfPage":{"@id":"https:\/\/www.zeitpolster.com\/li\/jahrmarkt-in-vaduz-2-oktober-2021\/#primaryimage"},"image":{"@id":"https:\/\/www.zeitpolster.com\/li\/jahrmarkt-in-vaduz-2-oktober-2021\/#primaryimage"},"thumbnailUrl":"https:\/\/www.zeitpolster.com\/li\/wp-content\/uploads\/sites\/17\/2021\/09\/Jahrmarkt-Vaduz.jpg","datePublished":"2021-09-28T14:45:40+00:00","dateModified":"2022-08-16T07:06:54+00:00","breadcrumb":{"@id":"https:\/\/www.zeitpolster.com\/li\/jahrmarkt-in-vaduz-2-oktober-2021\/#breadcrumb"},"inLanguage":"de","potentialAction":[{"@type":"ReadAction","target":["https:\/\/www.zeitpolster.com\/li\/jahrmarkt-in-vaduz-2-oktober-2021\/"]}]},{"@type":"ImageObject","inLanguage":"de","@id":"https:\/\/www.zeitpolster.com\/li\/jahrmarkt-in-vaduz-2-oktober-2021\/#primaryimage","url":"https:\/\/www.zeitpolster.com\/li\/wp-content\/uploads\/sites\/17\/2021\/09\/Jahrmarkt-Vaduz.jpg","contentUrl":"https:\/\/www.zeitpolster.com\/li\/wp-content\/uploads\/sites\/17\/2021\/09\/Jahrmarkt-Vaduz.jpg","width":1086,"height":724,"caption":"Jahrmarkt Vaduz aufgenommen am 06.10.2012 Kinder, Kind, Karussell, Markt St\u00e4nde, Marktstand, - FOTOS + COPYRIGHTS: DANIEL OSPELT"},{"@type":"BreadcrumbList","@id":"https:\/\/www.zeitpolster.com\/li\/jahrmarkt-in-vaduz-2-oktober-2021\/#breadcrumb","itemListElement":[{"@type":"ListItem","position":1,"name":"Startseite","item":"https:\/\/www.zeitpolster.com\/li\/"},{"@type":"ListItem","position":2,"name":"Jahrmarkt in Vaduz &#8211; 2. Oktober 2021"}]},{"@type":"WebSite","@id":"https:\/\/www.zeitpolster.com\/li\/#website","url":"https:\/\/www.zeitpolster.com\/li\/","name":"Zeitpolster Liechtenstein","description":"Verein f\u00fcr Zeitvorsorge","publisher":{"@id":"https:\/\/www.zeitpolster.com\/li\/#organization"},"potentialAction":[{"@type":"SearchAction","target":{"@type":"EntryPoint","urlTemplate":"https:\/\/www.zeitpolster.com\/li\/?s={search_term_string}"},"query-input":{"@type":"PropertyValueSpecification","valueRequired":true,"valueName":"search_term_string"}}],"inLanguage":"de"},{"@type":"Organization","@id":"https:\/\/www.zeitpolster.com\/li\/#organization","name":"Zeitpolster Liechtenstein","url":"https:\/\/www.zeitpolster.com\/li\/","logo":{"@type":"ImageObject","inLanguage":"de","@id":"https:\/\/www.zeitpolster.com\/li\/#\/schema\/logo\/image\/","url":"https:\/\/www.zeitpolster.com\/li\/wp-content\/uploads\/sites\/17\/2019\/10\/logo_green-2.png","contentUrl":"https:\/\/www.zeitpolster.com\/li\/wp-content\/uploads\/sites\/17\/2019\/10\/logo_green-2.png","width":361,"height":192,"caption":"Zeitpolster Liechtenstein"},"image":{"@id":"https:\/\/www.zeitpolster.com\/li\/#\/schema\/logo\/image\/"}},{"@type":"Person","@id":"https:\/\/www.zeitpolster.com\/li\/#\/schema\/person\/18ca77d217029d02cf111d812c9a4a6d","name":"judith oehri","image":{"@type":"ImageObject","inLanguage":"de","@id":"https:\/\/secure.gravatar.com\/avatar\/32e3f36a87b6bd4424f8e6ddf1488fc4f4c6a9424857c658a124bef13422a81c?s=96&d=mm&r=g","url":"https:\/\/secure.gravatar.com\/avatar\/32e3f36a87b6bd4424f8e6ddf1488fc4f4c6a9424857c658a124bef13422a81c?s=96&d=mm&r=g","contentUrl":"https:\/\/secure.gravatar.com\/avatar\/32e3f36a87b6bd4424f8e6ddf1488fc4f4c6a9424857c658a124bef13422a81c?s=96&d=mm&r=g","caption":"judith oehri"},"url":"https:\/\/www.zeitpolster.com\/li\/author\/judith-oehri\/"}]}},"featured_image_src":"https:\/\/www.zeitpolster.com\/li\/wp-content\/uploads\/sites\/17\/2021\/09\/Jahrmarkt-Vaduz-600x400.jpg","featured_image_src_square":"https:\/\/www.zeitpolster.com\/li\/wp-content\/uploads\/sites\/17\/2021\/09\/Jahrmarkt-Vaduz-600x600.jpg","author_info":{"display_name":"judith oehri","author_link":"https:\/\/www.zeitpolster.com\/li\/author\/judith-oehri\/"},"uagb_featured_image_src":{"full":["https:\/\/www.zeitpolster.com\/li\/wp-content\/uploads\/sites\/17\/2021\/09\/Jahrmarkt-Vaduz.jpg",1086,724,false],"thumbnail":["https:\/\/www.zeitpolster.com\/li\/wp-content\/uploads\/sites\/17\/2021\/09\/Jahrmarkt-Vaduz-150x150.jpg",150,150,true],"medium":["https:\/\/www.zeitpolster.com\/li\/wp-content\/uploads\/sites\/17\/2021\/09\/Jahrmarkt-Vaduz-300x200.jpg",300,200,true],"medium_large":["https:\/\/www.zeitpolster.com\/li\/wp-content\/uploads\/sites\/17\/2021\/09\/Jahrmarkt-Vaduz-768x512.jpg",768,512,true],"large":["https:\/\/www.zeitpolster.com\/li\/wp-content\/uploads\/sites\/17\/2021\/09\/Jahrmarkt-Vaduz-1024x683.jpg",1024,683,true],"1536x1536":["https:\/\/www.zeitpolster.com\/li\/wp-content\/uploads\/sites\/17\/2021\/09\/Jahrmarkt-Vaduz.jpg",1086,724,false],"2048x2048":["https:\/\/www.zeitpolster.com\/li\/wp-content\/uploads\/sites\/17\/2021\/09\/Jahrmarkt-Vaduz.jpg",1086,724,false],"gb-block-post-grid-landscape":["https:\/\/www.zeitpolster.com\/li\/wp-content\/uploads\/sites\/17\/2021\/09\/Jahrmarkt-Vaduz-600x400.jpg",600,400,true],"gb-block-post-grid-square":["https:\/\/www.zeitpolster.com\/li\/wp-content\/uploads\/sites\/17\/2021\/09\/Jahrmarkt-Vaduz-600x600.jpg",600,600,true],"woocommerce_thumbnail":["https:\/\/www.zeitpolster.com\/li\/wp-content\/uploads\/sites\/17\/2021\/09\/Jahrmarkt-Vaduz-300x200.jpg",300,200,true],"woocommerce_single":["https:\/\/www.zeitpolster.com\/li\/wp-content\/uploads\/sites\/17\/2021\/09\/Jahrmarkt-Vaduz-600x400.jpg",600,400,true],"woocommerce_gallery_thumbnail":["https:\/\/www.zeitpolster.com\/li\/wp-content\/uploads\/sites\/17\/2021\/09\/Jahrmarkt-Vaduz-100x100.jpg",100,100,true]},"uagb_author_info":{"display_name":"judith oehri","author_link":"https:\/\/www.zeitpolster.com\/li\/author\/judith-oehri\/"},"uagb_comment_info":0,"uagb_excerpt":"Endlich findet er wieder statt, der Jahrmarkt in Vaduz! Um die beh\u00f6rdlichen Vorgaben einhalten zu k\u00f6nnen, wurde die Fl\u00e4che ausgeweitet und zwischen den einzelnen St\u00e4nden gibt es mehr Abstand. Es wird auch eine Laufrichtung empfohlen, so dass es keinen Gegenverkehr geben sollte. Interessierte finden Zeitpolster am Stand 429 beim Postgeb\u00e4ude. Wir freuen uns auf euren&hellip;","_links":{"self":[{"href":"https:\/\/www.zeitpolster.com\/li\/wp-json\/wp\/v2\/posts\/3878","targetHints":{"allow":["GET"]}}],"collection":[{"href":"https:\/\/www.zeitpolster.com\/li\/wp-json\/wp\/v2\/posts"}],"about":[{"href":"https:\/\/www.zeitpolster.com\/li\/wp-json\/wp\/v2\/types\/post"}],"author":[{"embeddable":true,"href":"https:\/\/www.zeitpolster.com\/li\/wp-json\/wp\/v2\/users\/6"}],"replies":[{"embeddable":true,"href":"https:\/\/www.zeitpolster.com\/li\/wp-json\/wp\/v2\/comments?post=3878"}],"version-history":[{"count":0,"href":"https:\/\/www.zeitpolster.com\/li\/wp-json\/wp\/v2\/posts\/3878\/revisions"}],"wp:featuredmedia":[{"embeddable":true,"href":"https:\/\/www.zeitpolster.com\/li\/wp-json\/wp\/v2\/media\/6022"}],"wp:attachment":[{"href":"https:\/\/www.zeitpolster.com\/li\/wp-json\/wp\/v2\/media?parent=3878"}],"wp:term":[{"taxonomy":"category","embeddable":true,"href":"https:\/\/www.zeitpolster.com\/li\/wp-json\/wp\/v2\/categories?post=3878"},{"taxonomy":"post_tag","embeddable":true,"href":"https:\/\/www.zeitpolster.com\/li\/wp-json\/wp\/v2\/tags?post=3878"}],"curies":[{"name":"wp","href":"https:\/\/api.w.org\/{rel}","templated":true}]}}