{"id":3623,"date":"2020-09-01T17:30:28","date_gmt":"2020-09-01T15:30:28","guid":{"rendered":"https:\/\/www.zeitpolster.li\/?p=3623"},"modified":"2022-08-16T08:38:10","modified_gmt":"2022-08-16T06:38:10","slug":"zeitpolster-an-den-wochenmaerkten-in-balzers-schaan-und-triesen","status":"publish","type":"post","link":"https:\/\/www.zeitpolster.com\/li\/zeitpolster-an-den-wochenmaerkten-in-balzers-schaan-und-triesen\/","title":{"rendered":"Zeitpolster an den Wochenm\u00e4rkten in Balzers, Schaan und Triesen"},"content":{"rendered":"\n<p>Am 27.  August sowie 1. und 4. September 2020 waren die Teammitglieder und die Gesch\u00e4ftsf\u00fchrerin von Zeitpolster an den Wochenm\u00e4rkten in Balzers, Schaan und Triesen. Eine tolle Gelegenheit um mit interessierten Personen ins Gespr\u00e4ch zu kommen und Fragen beantworten zu k\u00f6nnen. Wir danken f\u00fcr die Gelegenheit, uns vor Ort pr\u00e4sentieren zu d\u00fcrfen.<\/p>\n\n\n\n<p> <\/p>\n","protected":false},"excerpt":{"rendered":"<p>Am 27. August sowie 1. und 4. September 2020 waren die Teammitglieder und die Gesch\u00e4ftsf\u00fchrerin von Zeitpolster an den Wochenm\u00e4rkten in Balzers, Schaan und Triesen. Eine tolle Gelegenheit um mit interessierten Personen ins Gespr\u00e4ch zu kommen und Fragen beantworten zu k\u00f6nnen. Wir danken f\u00fcr die Gelegenheit, uns vor Ort pr\u00e4sentieren zu d\u00fcrfen.<\/p>\n","protected":false},"author":6,"featured_media":5984,"comment_status":"closed","ping_status":"closed","sticky":false,"template":"","format":"standard","meta":{"_bbp_topic_count":0,"_bbp_reply_count":0,"_bbp_total_topic_count":0,"_bbp_total_reply_count":0,"_bbp_voice_count":0,"_bbp_anonymous_reply_count":0,"_bbp_topic_count_hidden":0,"_bbp_reply_count_hidden":0,"_bbp_forum_subforum_count":0,"_uag_custom_page_level_css":"","site-sidebar-layout":"default","site-content-layout":"default","ast-site-content-layout":"default","site-content-style":"default","site-sidebar-style":"default","ast-global-header-display":"","ast-banner-title-visibility":"","ast-main-header-display":"","ast-hfb-above-header-display":"","ast-hfb-below-header-display":"","ast-hfb-mobile-header-display":"","site-post-title":"","ast-breadcrumbs-content":"","ast-featured-img":"","footer-sml-layout":"","ast-disable-related-posts":"","theme-transparent-header-meta":"default","adv-header-id-meta":"","stick-header-meta":"","header-above-stick-meta":"","header-main-stick-meta":"","header-below-stick-meta":"","astra-migrate-meta-layouts":"default","ast-page-background-enabled":"default","ast-page-background-meta":{"desktop":{"background-color":"","background-image":"","background-repeat":"repeat","background-position":"center center","background-size":"auto","background-attachment":"scroll","background-type":"","background-media":"","overlay-type":"","overlay-color":"","overlay-opacity":"","overlay-gradient":""},"tablet":{"background-color":"","background-image":"","background-repeat":"repeat","background-position":"center center","background-size":"auto","background-attachment":"scroll","background-type":"","background-media":"","overlay-type":"","overlay-color":"","overlay-opacity":"","overlay-gradient":""},"mobile":{"background-color":"","background-image":"","background-repeat":"repeat","background-position":"center center","background-size":"auto","background-attachment":"scroll","background-type":"","background-media":"","overlay-type":"","overlay-color":"","overlay-opacity":"","overlay-gradient":""}},"ast-content-background-meta":{"desktop":{"background-color":"var(--ast-global-color-5)","background-image":"","background-repeat":"repeat","background-position":"center center","background-size":"auto","background-attachment":"scroll","background-type":"","background-media":"","overlay-type":"","overlay-color":"","overlay-opacity":"","overlay-gradient":""},"tablet":{"background-color":"var(--ast-global-color-5)","background-image":"","background-repeat":"repeat","background-position":"center center","background-size":"auto","background-attachment":"scroll","background-type":"","background-media":"","overlay-type":"","overlay-color":"","overlay-opacity":"","overlay-gradient":""},"mobile":{"background-color":"var(--ast-global-color-5)","background-image":"","background-repeat":"repeat","background-position":"center center","background-size":"auto","background-attachment":"scroll","background-type":"","background-media":"","overlay-type":"","overlay-color":"","overlay-opacity":"","overlay-gradient":""}},"footnotes":""},"categories":[1],"tags":[],"class_list":["post-3623","post","type-post","status-publish","format-standard","has-post-thumbnail","hentry","category-unkategorisiert"],"yoast_head":"<!-- This site is optimized with the Yoast SEO plugin v27.3 - https:\/\/yoast.com\/product\/yoast-seo-wordpress\/ -->\n<title>Zeitpolster an den Wochenm\u00e4rkten in Balzers, Schaan und Triesen - Zeitpolster Liechtenstein<\/title>\n<meta name=\"robots\" content=\"index, follow, max-snippet:-1, max-image-preview:large, max-video-preview:-1\" \/>\n<link rel=\"canonical\" href=\"https:\/\/www.zeitpolster.com\/li\/zeitpolster-an-den-wochenmaerkten-in-balzers-schaan-und-triesen\/\" \/>\n<meta property=\"og:locale\" content=\"de_DE\" \/>\n<meta property=\"og:type\" content=\"article\" \/>\n<meta property=\"og:title\" content=\"Zeitpolster an den Wochenm\u00e4rkten in Balzers, Schaan und Triesen - Zeitpolster Liechtenstein\" \/>\n<meta property=\"og:description\" content=\"Am 27. August sowie 1. und 4. September 2020 waren die Teammitglieder und die Gesch\u00e4ftsf\u00fchrerin von Zeitpolster an den Wochenm\u00e4rkten in Balzers, Schaan und Triesen. Eine tolle Gelegenheit um mit interessierten Personen ins Gespr\u00e4ch zu kommen und Fragen beantworten zu k\u00f6nnen. Wir danken f\u00fcr die Gelegenheit, uns vor Ort pr\u00e4sentieren zu d\u00fcrfen.\" \/>\n<meta property=\"og:url\" content=\"https:\/\/www.zeitpolster.com\/li\/zeitpolster-an-den-wochenmaerkten-in-balzers-schaan-und-triesen\/\" \/>\n<meta property=\"og:site_name\" content=\"Zeitpolster Liechtenstein\" \/>\n<meta property=\"article:published_time\" content=\"2020-09-01T15:30:28+00:00\" \/>\n<meta property=\"article:modified_time\" content=\"2022-08-16T06:38:10+00:00\" \/>\n<meta property=\"og:image\" content=\"https:\/\/www.zeitpolster.com\/li\/wp-content\/uploads\/sites\/17\/2020\/09\/Wochenmarkt-Schaan-Rita-2020-09-01.jpeg\" \/>\n\t<meta property=\"og:image:width\" content=\"640\" \/>\n\t<meta property=\"og:image:height\" content=\"480\" \/>\n\t<meta property=\"og:image:type\" content=\"image\/jpeg\" \/>\n<meta name=\"author\" content=\"judith oehri\" \/>\n<meta name=\"twitter:card\" content=\"summary_large_image\" \/>\n<meta name=\"twitter:label1\" content=\"Geschrieben von\" \/>\n\t<meta name=\"twitter:data1\" content=\"judith oehri\" \/>\n<script type=\"application\/ld+json\" class=\"yoast-schema-graph\">{\"@context\":\"https:\\\/\\\/schema.org\",\"@graph\":[{\"@type\":\"Article\",\"@id\":\"https:\\\/\\\/www.zeitpolster.com\\\/li\\\/zeitpolster-an-den-wochenmaerkten-in-balzers-schaan-und-triesen\\\/#article\",\"isPartOf\":{\"@id\":\"https:\\\/\\\/www.zeitpolster.com\\\/li\\\/zeitpolster-an-den-wochenmaerkten-in-balzers-schaan-und-triesen\\\/\"},\"author\":{\"name\":\"judith oehri\",\"@id\":\"https:\\\/\\\/www.zeitpolster.com\\\/li\\\/#\\\/schema\\\/person\\\/18ca77d217029d02cf111d812c9a4a6d\"},\"headline\":\"Zeitpolster an den Wochenm\u00e4rkten in Balzers, Schaan und Triesen\",\"datePublished\":\"2020-09-01T15:30:28+00:00\",\"dateModified\":\"2022-08-16T06:38:10+00:00\",\"mainEntityOfPage\":{\"@id\":\"https:\\\/\\\/www.zeitpolster.com\\\/li\\\/zeitpolster-an-den-wochenmaerkten-in-balzers-schaan-und-triesen\\\/\"},\"wordCount\":66,\"publisher\":{\"@id\":\"https:\\\/\\\/www.zeitpolster.com\\\/li\\\/#organization\"},\"image\":{\"@id\":\"https:\\\/\\\/www.zeitpolster.com\\\/li\\\/zeitpolster-an-den-wochenmaerkten-in-balzers-schaan-und-triesen\\\/#primaryimage\"},\"thumbnailUrl\":\"https:\\\/\\\/www.zeitpolster.com\\\/li\\\/wp-content\\\/uploads\\\/sites\\\/17\\\/2020\\\/09\\\/Wochenmarkt-Schaan-Rita-2020-09-01.jpeg\",\"articleSection\":[\"Unkategorisiert\"],\"inLanguage\":\"de\"},{\"@type\":\"WebPage\",\"@id\":\"https:\\\/\\\/www.zeitpolster.com\\\/li\\\/zeitpolster-an-den-wochenmaerkten-in-balzers-schaan-und-triesen\\\/\",\"url\":\"https:\\\/\\\/www.zeitpolster.com\\\/li\\\/zeitpolster-an-den-wochenmaerkten-in-balzers-schaan-und-triesen\\\/\",\"name\":\"Zeitpolster an den Wochenm\u00e4rkten in Balzers, Schaan und Triesen - Zeitpolster Liechtenstein\",\"isPartOf\":{\"@id\":\"https:\\\/\\\/www.zeitpolster.com\\\/li\\\/#website\"},\"primaryImageOfPage\":{\"@id\":\"https:\\\/\\\/www.zeitpolster.com\\\/li\\\/zeitpolster-an-den-wochenmaerkten-in-balzers-schaan-und-triesen\\\/#primaryimage\"},\"image\":{\"@id\":\"https:\\\/\\\/www.zeitpolster.com\\\/li\\\/zeitpolster-an-den-wochenmaerkten-in-balzers-schaan-und-triesen\\\/#primaryimage\"},\"thumbnailUrl\":\"https:\\\/\\\/www.zeitpolster.com\\\/li\\\/wp-content\\\/uploads\\\/sites\\\/17\\\/2020\\\/09\\\/Wochenmarkt-Schaan-Rita-2020-09-01.jpeg\",\"datePublished\":\"2020-09-01T15:30:28+00:00\",\"dateModified\":\"2022-08-16T06:38:10+00:00\",\"breadcrumb\":{\"@id\":\"https:\\\/\\\/www.zeitpolster.com\\\/li\\\/zeitpolster-an-den-wochenmaerkten-in-balzers-schaan-und-triesen\\\/#breadcrumb\"},\"inLanguage\":\"de\",\"potentialAction\":[{\"@type\":\"ReadAction\",\"target\":[\"https:\\\/\\\/www.zeitpolster.com\\\/li\\\/zeitpolster-an-den-wochenmaerkten-in-balzers-schaan-und-triesen\\\/\"]}]},{\"@type\":\"ImageObject\",\"inLanguage\":\"de\",\"@id\":\"https:\\\/\\\/www.zeitpolster.com\\\/li\\\/zeitpolster-an-den-wochenmaerkten-in-balzers-schaan-und-triesen\\\/#primaryimage\",\"url\":\"https:\\\/\\\/www.zeitpolster.com\\\/li\\\/wp-content\\\/uploads\\\/sites\\\/17\\\/2020\\\/09\\\/Wochenmarkt-Schaan-Rita-2020-09-01.jpeg\",\"contentUrl\":\"https:\\\/\\\/www.zeitpolster.com\\\/li\\\/wp-content\\\/uploads\\\/sites\\\/17\\\/2020\\\/09\\\/Wochenmarkt-Schaan-Rita-2020-09-01.jpeg\",\"width\":640,\"height\":480},{\"@type\":\"BreadcrumbList\",\"@id\":\"https:\\\/\\\/www.zeitpolster.com\\\/li\\\/zeitpolster-an-den-wochenmaerkten-in-balzers-schaan-und-triesen\\\/#breadcrumb\",\"itemListElement\":[{\"@type\":\"ListItem\",\"position\":1,\"name\":\"Startseite\",\"item\":\"https:\\\/\\\/www.zeitpolster.com\\\/li\\\/\"},{\"@type\":\"ListItem\",\"position\":2,\"name\":\"Zeitpolster an den Wochenm\u00e4rkten in Balzers, Schaan und Triesen\"}]},{\"@type\":\"WebSite\",\"@id\":\"https:\\\/\\\/www.zeitpolster.com\\\/li\\\/#website\",\"url\":\"https:\\\/\\\/www.zeitpolster.com\\\/li\\\/\",\"name\":\"Zeitpolster Liechtenstein\",\"description\":\"Verein f\u00fcr Zeitvorsorge\",\"publisher\":{\"@id\":\"https:\\\/\\\/www.zeitpolster.com\\\/li\\\/#organization\"},\"potentialAction\":[{\"@type\":\"SearchAction\",\"target\":{\"@type\":\"EntryPoint\",\"urlTemplate\":\"https:\\\/\\\/www.zeitpolster.com\\\/li\\\/?s={search_term_string}\"},\"query-input\":{\"@type\":\"PropertyValueSpecification\",\"valueRequired\":true,\"valueName\":\"search_term_string\"}}],\"inLanguage\":\"de\"},{\"@type\":\"Organization\",\"@id\":\"https:\\\/\\\/www.zeitpolster.com\\\/li\\\/#organization\",\"name\":\"Zeitpolster Liechtenstein\",\"url\":\"https:\\\/\\\/www.zeitpolster.com\\\/li\\\/\",\"logo\":{\"@type\":\"ImageObject\",\"inLanguage\":\"de\",\"@id\":\"https:\\\/\\\/www.zeitpolster.com\\\/li\\\/#\\\/schema\\\/logo\\\/image\\\/\",\"url\":\"https:\\\/\\\/www.zeitpolster.com\\\/li\\\/wp-content\\\/uploads\\\/sites\\\/17\\\/2019\\\/10\\\/logo_green-2.png\",\"contentUrl\":\"https:\\\/\\\/www.zeitpolster.com\\\/li\\\/wp-content\\\/uploads\\\/sites\\\/17\\\/2019\\\/10\\\/logo_green-2.png\",\"width\":361,\"height\":192,\"caption\":\"Zeitpolster Liechtenstein\"},\"image\":{\"@id\":\"https:\\\/\\\/www.zeitpolster.com\\\/li\\\/#\\\/schema\\\/logo\\\/image\\\/\"}},{\"@type\":\"Person\",\"@id\":\"https:\\\/\\\/www.zeitpolster.com\\\/li\\\/#\\\/schema\\\/person\\\/18ca77d217029d02cf111d812c9a4a6d\",\"name\":\"judith oehri\",\"image\":{\"@type\":\"ImageObject\",\"inLanguage\":\"de\",\"@id\":\"https:\\\/\\\/secure.gravatar.com\\\/avatar\\\/32e3f36a87b6bd4424f8e6ddf1488fc4f4c6a9424857c658a124bef13422a81c?s=96&d=mm&r=g\",\"url\":\"https:\\\/\\\/secure.gravatar.com\\\/avatar\\\/32e3f36a87b6bd4424f8e6ddf1488fc4f4c6a9424857c658a124bef13422a81c?s=96&d=mm&r=g\",\"contentUrl\":\"https:\\\/\\\/secure.gravatar.com\\\/avatar\\\/32e3f36a87b6bd4424f8e6ddf1488fc4f4c6a9424857c658a124bef13422a81c?s=96&d=mm&r=g\",\"caption\":\"judith oehri\"},\"url\":\"https:\\\/\\\/www.zeitpolster.com\\\/li\\\/author\\\/judith-oehri\\\/\"}]}<\/script>\n<!-- \/ Yoast SEO plugin. -->","yoast_head_json":{"title":"Zeitpolster an den Wochenm\u00e4rkten in Balzers, Schaan und Triesen - Zeitpolster Liechtenstein","robots":{"index":"index","follow":"follow","max-snippet":"max-snippet:-1","max-image-preview":"max-image-preview:large","max-video-preview":"max-video-preview:-1"},"canonical":"https:\/\/www.zeitpolster.com\/li\/zeitpolster-an-den-wochenmaerkten-in-balzers-schaan-und-triesen\/","og_locale":"de_DE","og_type":"article","og_title":"Zeitpolster an den Wochenm\u00e4rkten in Balzers, Schaan und Triesen - Zeitpolster Liechtenstein","og_description":"Am 27. August sowie 1. und 4. September 2020 waren die Teammitglieder und die Gesch\u00e4ftsf\u00fchrerin von Zeitpolster an den Wochenm\u00e4rkten in Balzers, Schaan und Triesen. Eine tolle Gelegenheit um mit interessierten Personen ins Gespr\u00e4ch zu kommen und Fragen beantworten zu k\u00f6nnen. Wir danken f\u00fcr die Gelegenheit, uns vor Ort pr\u00e4sentieren zu d\u00fcrfen.","og_url":"https:\/\/www.zeitpolster.com\/li\/zeitpolster-an-den-wochenmaerkten-in-balzers-schaan-und-triesen\/","og_site_name":"Zeitpolster Liechtenstein","article_published_time":"2020-09-01T15:30:28+00:00","article_modified_time":"2022-08-16T06:38:10+00:00","og_image":[{"width":640,"height":480,"url":"https:\/\/www.zeitpolster.com\/li\/wp-content\/uploads\/sites\/17\/2020\/09\/Wochenmarkt-Schaan-Rita-2020-09-01.jpeg","type":"image\/jpeg"}],"author":"judith oehri","twitter_card":"summary_large_image","twitter_misc":{"Geschrieben von":"judith oehri"},"schema":{"@context":"https:\/\/schema.org","@graph":[{"@type":"Article","@id":"https:\/\/www.zeitpolster.com\/li\/zeitpolster-an-den-wochenmaerkten-in-balzers-schaan-und-triesen\/#article","isPartOf":{"@id":"https:\/\/www.zeitpolster.com\/li\/zeitpolster-an-den-wochenmaerkten-in-balzers-schaan-und-triesen\/"},"author":{"name":"judith oehri","@id":"https:\/\/www.zeitpolster.com\/li\/#\/schema\/person\/18ca77d217029d02cf111d812c9a4a6d"},"headline":"Zeitpolster an den Wochenm\u00e4rkten in Balzers, Schaan und Triesen","datePublished":"2020-09-01T15:30:28+00:00","dateModified":"2022-08-16T06:38:10+00:00","mainEntityOfPage":{"@id":"https:\/\/www.zeitpolster.com\/li\/zeitpolster-an-den-wochenmaerkten-in-balzers-schaan-und-triesen\/"},"wordCount":66,"publisher":{"@id":"https:\/\/www.zeitpolster.com\/li\/#organization"},"image":{"@id":"https:\/\/www.zeitpolster.com\/li\/zeitpolster-an-den-wochenmaerkten-in-balzers-schaan-und-triesen\/#primaryimage"},"thumbnailUrl":"https:\/\/www.zeitpolster.com\/li\/wp-content\/uploads\/sites\/17\/2020\/09\/Wochenmarkt-Schaan-Rita-2020-09-01.jpeg","articleSection":["Unkategorisiert"],"inLanguage":"de"},{"@type":"WebPage","@id":"https:\/\/www.zeitpolster.com\/li\/zeitpolster-an-den-wochenmaerkten-in-balzers-schaan-und-triesen\/","url":"https:\/\/www.zeitpolster.com\/li\/zeitpolster-an-den-wochenmaerkten-in-balzers-schaan-und-triesen\/","name":"Zeitpolster an den Wochenm\u00e4rkten in Balzers, Schaan und Triesen - Zeitpolster Liechtenstein","isPartOf":{"@id":"https:\/\/www.zeitpolster.com\/li\/#website"},"primaryImageOfPage":{"@id":"https:\/\/www.zeitpolster.com\/li\/zeitpolster-an-den-wochenmaerkten-in-balzers-schaan-und-triesen\/#primaryimage"},"image":{"@id":"https:\/\/www.zeitpolster.com\/li\/zeitpolster-an-den-wochenmaerkten-in-balzers-schaan-und-triesen\/#primaryimage"},"thumbnailUrl":"https:\/\/www.zeitpolster.com\/li\/wp-content\/uploads\/sites\/17\/2020\/09\/Wochenmarkt-Schaan-Rita-2020-09-01.jpeg","datePublished":"2020-09-01T15:30:28+00:00","dateModified":"2022-08-16T06:38:10+00:00","breadcrumb":{"@id":"https:\/\/www.zeitpolster.com\/li\/zeitpolster-an-den-wochenmaerkten-in-balzers-schaan-und-triesen\/#breadcrumb"},"inLanguage":"de","potentialAction":[{"@type":"ReadAction","target":["https:\/\/www.zeitpolster.com\/li\/zeitpolster-an-den-wochenmaerkten-in-balzers-schaan-und-triesen\/"]}]},{"@type":"ImageObject","inLanguage":"de","@id":"https:\/\/www.zeitpolster.com\/li\/zeitpolster-an-den-wochenmaerkten-in-balzers-schaan-und-triesen\/#primaryimage","url":"https:\/\/www.zeitpolster.com\/li\/wp-content\/uploads\/sites\/17\/2020\/09\/Wochenmarkt-Schaan-Rita-2020-09-01.jpeg","contentUrl":"https:\/\/www.zeitpolster.com\/li\/wp-content\/uploads\/sites\/17\/2020\/09\/Wochenmarkt-Schaan-Rita-2020-09-01.jpeg","width":640,"height":480},{"@type":"BreadcrumbList","@id":"https:\/\/www.zeitpolster.com\/li\/zeitpolster-an-den-wochenmaerkten-in-balzers-schaan-und-triesen\/#breadcrumb","itemListElement":[{"@type":"ListItem","position":1,"name":"Startseite","item":"https:\/\/www.zeitpolster.com\/li\/"},{"@type":"ListItem","position":2,"name":"Zeitpolster an den Wochenm\u00e4rkten in Balzers, Schaan und Triesen"}]},{"@type":"WebSite","@id":"https:\/\/www.zeitpolster.com\/li\/#website","url":"https:\/\/www.zeitpolster.com\/li\/","name":"Zeitpolster Liechtenstein","description":"Verein f\u00fcr Zeitvorsorge","publisher":{"@id":"https:\/\/www.zeitpolster.com\/li\/#organization"},"potentialAction":[{"@type":"SearchAction","target":{"@type":"EntryPoint","urlTemplate":"https:\/\/www.zeitpolster.com\/li\/?s={search_term_string}"},"query-input":{"@type":"PropertyValueSpecification","valueRequired":true,"valueName":"search_term_string"}}],"inLanguage":"de"},{"@type":"Organization","@id":"https:\/\/www.zeitpolster.com\/li\/#organization","name":"Zeitpolster Liechtenstein","url":"https:\/\/www.zeitpolster.com\/li\/","logo":{"@type":"ImageObject","inLanguage":"de","@id":"https:\/\/www.zeitpolster.com\/li\/#\/schema\/logo\/image\/","url":"https:\/\/www.zeitpolster.com\/li\/wp-content\/uploads\/sites\/17\/2019\/10\/logo_green-2.png","contentUrl":"https:\/\/www.zeitpolster.com\/li\/wp-content\/uploads\/sites\/17\/2019\/10\/logo_green-2.png","width":361,"height":192,"caption":"Zeitpolster Liechtenstein"},"image":{"@id":"https:\/\/www.zeitpolster.com\/li\/#\/schema\/logo\/image\/"}},{"@type":"Person","@id":"https:\/\/www.zeitpolster.com\/li\/#\/schema\/person\/18ca77d217029d02cf111d812c9a4a6d","name":"judith oehri","image":{"@type":"ImageObject","inLanguage":"de","@id":"https:\/\/secure.gravatar.com\/avatar\/32e3f36a87b6bd4424f8e6ddf1488fc4f4c6a9424857c658a124bef13422a81c?s=96&d=mm&r=g","url":"https:\/\/secure.gravatar.com\/avatar\/32e3f36a87b6bd4424f8e6ddf1488fc4f4c6a9424857c658a124bef13422a81c?s=96&d=mm&r=g","contentUrl":"https:\/\/secure.gravatar.com\/avatar\/32e3f36a87b6bd4424f8e6ddf1488fc4f4c6a9424857c658a124bef13422a81c?s=96&d=mm&r=g","caption":"judith oehri"},"url":"https:\/\/www.zeitpolster.com\/li\/author\/judith-oehri\/"}]}},"featured_image_src":"https:\/\/www.zeitpolster.com\/li\/wp-content\/uploads\/sites\/17\/2020\/09\/Wochenmarkt-Schaan-Rita-2020-09-01-600x400.jpeg","featured_image_src_square":"https:\/\/www.zeitpolster.com\/li\/wp-content\/uploads\/sites\/17\/2020\/09\/Wochenmarkt-Schaan-Rita-2020-09-01-600x480.jpeg","author_info":{"display_name":"judith oehri","author_link":"https:\/\/www.zeitpolster.com\/li\/author\/judith-oehri\/"},"uagb_featured_image_src":{"full":["https:\/\/www.zeitpolster.com\/li\/wp-content\/uploads\/sites\/17\/2020\/09\/Wochenmarkt-Schaan-Rita-2020-09-01.jpeg",640,480,false],"thumbnail":["https:\/\/www.zeitpolster.com\/li\/wp-content\/uploads\/sites\/17\/2020\/09\/Wochenmarkt-Schaan-Rita-2020-09-01-150x150.jpeg",150,150,true],"medium":["https:\/\/www.zeitpolster.com\/li\/wp-content\/uploads\/sites\/17\/2020\/09\/Wochenmarkt-Schaan-Rita-2020-09-01-300x225.jpeg",300,225,true],"medium_large":["https:\/\/www.zeitpolster.com\/li\/wp-content\/uploads\/sites\/17\/2020\/09\/Wochenmarkt-Schaan-Rita-2020-09-01.jpeg",640,480,false],"large":["https:\/\/www.zeitpolster.com\/li\/wp-content\/uploads\/sites\/17\/2020\/09\/Wochenmarkt-Schaan-Rita-2020-09-01.jpeg",640,480,false],"1536x1536":["https:\/\/www.zeitpolster.com\/li\/wp-content\/uploads\/sites\/17\/2020\/09\/Wochenmarkt-Schaan-Rita-2020-09-01.jpeg",640,480,false],"2048x2048":["https:\/\/www.zeitpolster.com\/li\/wp-content\/uploads\/sites\/17\/2020\/09\/Wochenmarkt-Schaan-Rita-2020-09-01.jpeg",640,480,false],"gb-block-post-grid-landscape":["https:\/\/www.zeitpolster.com\/li\/wp-content\/uploads\/sites\/17\/2020\/09\/Wochenmarkt-Schaan-Rita-2020-09-01-600x400.jpeg",600,400,true],"gb-block-post-grid-square":["https:\/\/www.zeitpolster.com\/li\/wp-content\/uploads\/sites\/17\/2020\/09\/Wochenmarkt-Schaan-Rita-2020-09-01-600x480.jpeg",600,480,true],"woocommerce_thumbnail":["https:\/\/www.zeitpolster.com\/li\/wp-content\/uploads\/sites\/17\/2020\/09\/Wochenmarkt-Schaan-Rita-2020-09-01-300x225.jpeg",300,225,true],"woocommerce_single":["https:\/\/www.zeitpolster.com\/li\/wp-content\/uploads\/sites\/17\/2020\/09\/Wochenmarkt-Schaan-Rita-2020-09-01-600x450.jpeg",600,450,true],"woocommerce_gallery_thumbnail":["https:\/\/www.zeitpolster.com\/li\/wp-content\/uploads\/sites\/17\/2020\/09\/Wochenmarkt-Schaan-Rita-2020-09-01-100x100.jpeg",100,100,true]},"uagb_author_info":{"display_name":"judith oehri","author_link":"https:\/\/www.zeitpolster.com\/li\/author\/judith-oehri\/"},"uagb_comment_info":0,"uagb_excerpt":"Am 27. August sowie 1. und 4. September 2020 waren die Teammitglieder und die Gesch\u00e4ftsf\u00fchrerin von Zeitpolster an den Wochenm\u00e4rkten in Balzers, Schaan und Triesen. Eine tolle Gelegenheit um mit interessierten Personen ins Gespr\u00e4ch zu kommen und Fragen beantworten zu k\u00f6nnen. Wir danken f\u00fcr die Gelegenheit, uns vor Ort pr\u00e4sentieren zu d\u00fcrfen.","_links":{"self":[{"href":"https:\/\/www.zeitpolster.com\/li\/wp-json\/wp\/v2\/posts\/3623","targetHints":{"allow":["GET"]}}],"collection":[{"href":"https:\/\/www.zeitpolster.com\/li\/wp-json\/wp\/v2\/posts"}],"about":[{"href":"https:\/\/www.zeitpolster.com\/li\/wp-json\/wp\/v2\/types\/post"}],"author":[{"embeddable":true,"href":"https:\/\/www.zeitpolster.com\/li\/wp-json\/wp\/v2\/users\/6"}],"replies":[{"embeddable":true,"href":"https:\/\/www.zeitpolster.com\/li\/wp-json\/wp\/v2\/comments?post=3623"}],"version-history":[{"count":0,"href":"https:\/\/www.zeitpolster.com\/li\/wp-json\/wp\/v2\/posts\/3623\/revisions"}],"wp:featuredmedia":[{"embeddable":true,"href":"https:\/\/www.zeitpolster.com\/li\/wp-json\/wp\/v2\/media\/5984"}],"wp:attachment":[{"href":"https:\/\/www.zeitpolster.com\/li\/wp-json\/wp\/v2\/media?parent=3623"}],"wp:term":[{"taxonomy":"category","embeddable":true,"href":"https:\/\/www.zeitpolster.com\/li\/wp-json\/wp\/v2\/categories?post=3623"},{"taxonomy":"post_tag","embeddable":true,"href":"https:\/\/www.zeitpolster.com\/li\/wp-json\/wp\/v2\/tags?post=3623"}],"curies":[{"name":"wp","href":"https:\/\/api.w.org\/{rel}","templated":true}]}}