{"id":5687,"date":"2022-01-20T09:58:39","date_gmt":"2022-01-20T08:58:39","guid":{"rendered":"https:\/\/www.zeitpolster.com\/delegation\/podcast-2-mit-coco-kammerer-wie-gruendet-man-ein-zeitpolster-team\/"},"modified":"2022-09-06T10:51:22","modified_gmt":"2022-09-06T08:51:22","slug":"podcast-2-mit-coco-kammerer-wie-gruendet-man-ein-zeitpolster-team","status":"publish","type":"post","link":"https:\/\/www.zeitpolster.com\/delegation\/podcast-2-mit-coco-kammerer-wie-gruendet-man-ein-zeitpolster-team\/","title":{"rendered":"Podcast #2 mit Coco Kammerer: Wie gr\u00fcndet man ein Zeitpolster &#8211; Team?"},"content":{"rendered":"<p><\/p>\n<script class=\"podigee-podcast-player\" src=\"https:\/\/player.podigee-cdn.net\/podcast-player\/javascripts\/podigee-podcast-player.js\" data-configuration=\"https:\/\/zeitpolster.podigee.io\/3-2-mit-coco-kammerer-wie-grundet-man-ein-zeitpolster-team\/embed?context=external\"><\/script>\n<p>Zeitpolster &#8211; Der Podcast f\u00fcrs clevere \u00c4LTERWERDEN<\/p>\n<p>Coco Kammerer ist Teamleiterin der Zeitpolster Gruppe Ausseerland. Sie erz\u00e4hlt uns in dieser Folge, wie die Gruppe gestartet hat und worauf man achten soll, wenn man ein Team bildet. Sie gibt auch gute Tipps, wie man ein starkes Netzwerk von Helfenden und Betreuten aufbaut und wir erfahren au\u00dferdem, was ihr an der Besch\u00e4ftigung besonders gut gef\u00e4llt. Was ist ihre Motivation dahinter und was hat sie durch dieses Engagement gelernt? Auch diese Fragen beantwortet sie in dem sch\u00f6nen Gespr\u00e4ch.<\/p>\n<p>Weitere Infos:<\/p>\n<p><a href=\"https:\/\/www.zeitpolster.com\/zeitpolster-gruppe-gruenden-faq\/\">Gruppengr\u00fcndung FAQ<\/a><\/p>\n<p><a href=\"https:\/\/www.zeitpolster.com\/zeitpolster-gruppe-aufbauen\/\">Eine Gruppe aufbauen<\/a><\/p>\n<p>Sie m\u00f6chten in ihrer Region auch eine Zeitpolster Gruppe starten? Melden Sie sich bei uns, wir freuen uns auf Sie!<\/p>\n<p><a href=\"mailto:info@zeitpolster.com\">info@zeitpolster.com<\/a> 066488720770<\/p>\n\n\n<div class=\"wp-block-buttons is-layout-flex wp-block-buttons-is-layout-flex\">\n<div class=\"wp-block-button\"><a class=\"wp-block-button__link has-background\" href=\"https:\/\/www.zeitpolster.com\/podcast\/\" style=\"background-color:#286422\" target=\"_blank\" rel=\"noreferrer noopener\">Alle Zeitpolster Podcasts h\u00f6ren<\/a><\/div>\n<\/div>\n","protected":false},"excerpt":{"rendered":"<p>Zeitpolster &#8211; Der Podcast f\u00fcrs clevere \u00c4LTERWERDEN Coco Kammerer ist Teamleiterin der Zeitpolster Gruppe Ausseerland. Sie erz\u00e4hlt uns in dieser Folge, wie die Gruppe gestartet hat und worauf man achten soll, wenn man ein Team bildet. Sie gibt auch gute Tipps, wie man ein starkes Netzwerk von Helfenden und Betreuten aufbaut und wir erfahren au\u00dferdem, [&hellip;]<\/p>\n","protected":false},"author":7,"featured_media":5688,"comment_status":"closed","ping_status":"closed","sticky":false,"template":"","format":"standard","meta":{"_bbp_topic_count":0,"_bbp_reply_count":0,"_bbp_total_topic_count":0,"_bbp_total_reply_count":0,"_bbp_voice_count":0,"_bbp_anonymous_reply_count":0,"_bbp_topic_count_hidden":0,"_bbp_reply_count_hidden":0,"_bbp_forum_subforum_count":0,"_uag_custom_page_level_css":"","site-sidebar-layout":"default","site-content-layout":"","ast-site-content-layout":"default","site-content-style":"default","site-sidebar-style":"default","ast-global-header-display":"","ast-banner-title-visibility":"","ast-main-header-display":"","ast-hfb-above-header-display":"","ast-hfb-below-header-display":"","ast-hfb-mobile-header-display":"","site-post-title":"","ast-breadcrumbs-content":"","ast-featured-img":"","footer-sml-layout":"","ast-disable-related-posts":"","theme-transparent-header-meta":"","adv-header-id-meta":"","stick-header-meta":"","header-above-stick-meta":"","header-main-stick-meta":"","header-below-stick-meta":"","astra-migrate-meta-layouts":"default","ast-page-background-enabled":"default","ast-page-background-meta":{"desktop":{"background-color":"","background-image":"","background-repeat":"repeat","background-position":"center center","background-size":"auto","background-attachment":"scroll","background-type":"","background-media":"","overlay-type":"","overlay-color":"","overlay-opacity":"","overlay-gradient":""},"tablet":{"background-color":"","background-image":"","background-repeat":"repeat","background-position":"center center","background-size":"auto","background-attachment":"scroll","background-type":"","background-media":"","overlay-type":"","overlay-color":"","overlay-opacity":"","overlay-gradient":""},"mobile":{"background-color":"","background-image":"","background-repeat":"repeat","background-position":"center center","background-size":"auto","background-attachment":"scroll","background-type":"","background-media":"","overlay-type":"","overlay-color":"","overlay-opacity":"","overlay-gradient":""}},"ast-content-background-meta":{"desktop":{"background-color":"var(--ast-global-color-5)","background-image":"","background-repeat":"repeat","background-position":"center center","background-size":"auto","background-attachment":"scroll","background-type":"","background-media":"","overlay-type":"","overlay-color":"","overlay-opacity":"","overlay-gradient":""},"tablet":{"background-color":"var(--ast-global-color-5)","background-image":"","background-repeat":"repeat","background-position":"center center","background-size":"auto","background-attachment":"scroll","background-type":"","background-media":"","overlay-type":"","overlay-color":"","overlay-opacity":"","overlay-gradient":""},"mobile":{"background-color":"var(--ast-global-color-5)","background-image":"","background-repeat":"repeat","background-position":"center center","background-size":"auto","background-attachment":"scroll","background-type":"","background-media":"","overlay-type":"","overlay-color":"","overlay-opacity":"","overlay-gradient":""}},"footnotes":""},"categories":[114],"tags":[123,124,122,121],"class_list":["post-5687","post","type-post","status-publish","format-standard","has-post-thumbnail","hentry","category-aktuelles","tag-altersvorsorge","tag-freiwilligenarbeit","tag-gruppe-gruenden","tag-selbstwirksamkeit"],"yoast_head":"<!-- This site is optimized with the Yoast SEO plugin v27.5 - https:\/\/yoast.com\/product\/yoast-seo-wordpress\/ -->\n<title>Podcast #2 mit Coco Kammerer: Wie gr\u00fcndet man ein Zeitpolster - Team? - Digitale Delegation<\/title>\n<meta name=\"robots\" content=\"index, follow, max-snippet:-1, max-image-preview:large, max-video-preview:-1\" \/>\n<link rel=\"canonical\" href=\"https:\/\/www.zeitpolster.com\/delegation\/podcast-2-mit-coco-kammerer-wie-gruendet-man-ein-zeitpolster-team\/\" \/>\n<meta property=\"og:locale\" content=\"de_DE\" \/>\n<meta property=\"og:type\" content=\"article\" \/>\n<meta property=\"og:title\" content=\"Podcast #2 mit Coco Kammerer: Wie gr\u00fcndet man ein Zeitpolster - Team? - Digitale Delegation\" \/>\n<meta property=\"og:description\" content=\"Zeitpolster &#8211; Der Podcast f\u00fcrs clevere \u00c4LTERWERDEN Coco Kammerer ist Teamleiterin der Zeitpolster Gruppe Ausseerland. Sie erz\u00e4hlt uns in dieser Folge, wie die Gruppe gestartet hat und worauf man achten soll, wenn man ein Team bildet. Sie gibt auch gute Tipps, wie man ein starkes Netzwerk von Helfenden und Betreuten aufbaut und wir erfahren au\u00dferdem, [&hellip;]\" \/>\n<meta property=\"og:url\" content=\"https:\/\/www.zeitpolster.com\/delegation\/podcast-2-mit-coco-kammerer-wie-gruendet-man-ein-zeitpolster-team\/\" \/>\n<meta property=\"og:site_name\" content=\"Digitale Delegation\" \/>\n<meta property=\"article:published_time\" content=\"2022-01-20T08:58:39+00:00\" \/>\n<meta property=\"article:modified_time\" content=\"2022-09-06T08:51:22+00:00\" \/>\n<meta property=\"og:image\" content=\"https:\/\/www.zeitpolster.com\/delegation\/wp-content\/uploads\/sites\/22\/2022\/09\/Podcast-Titelbild-RGB-scaled-1.jpg\" \/>\n\t<meta property=\"og:image:width\" content=\"2560\" \/>\n\t<meta property=\"og:image:height\" content=\"2560\" \/>\n\t<meta property=\"og:image:type\" content=\"image\/jpeg\" \/>\n<meta name=\"author\" content=\"evadmin\" \/>\n<meta name=\"twitter:card\" content=\"summary_large_image\" \/>\n<meta name=\"twitter:label1\" content=\"Verfasst von\" \/>\n\t<meta name=\"twitter:data1\" content=\"evadmin\" \/>\n\t<meta name=\"twitter:label2\" content=\"Gesch\u00e4tzte Lesezeit\" \/>\n\t<meta name=\"twitter:data2\" content=\"1\u00a0Minute\" \/>\n<script type=\"application\/ld+json\" class=\"yoast-schema-graph\">{\"@context\":\"https:\\\/\\\/schema.org\",\"@graph\":[{\"@type\":\"Article\",\"@id\":\"https:\\\/\\\/www.zeitpolster.com\\\/delegation\\\/podcast-2-mit-coco-kammerer-wie-gruendet-man-ein-zeitpolster-team\\\/#article\",\"isPartOf\":{\"@id\":\"https:\\\/\\\/www.zeitpolster.com\\\/delegation\\\/podcast-2-mit-coco-kammerer-wie-gruendet-man-ein-zeitpolster-team\\\/\"},\"author\":{\"name\":\"evadmin\",\"@id\":\"https:\\\/\\\/www.zeitpolster.com\\\/delegation\\\/#\\\/schema\\\/person\\\/7db3139b05a6d1f732050453bae19dcd\"},\"headline\":\"Podcast #2 mit Coco Kammerer: Wie gr\u00fcndet man ein Zeitpolster &#8211; Team?\",\"datePublished\":\"2022-01-20T08:58:39+00:00\",\"dateModified\":\"2022-09-06T08:51:22+00:00\",\"mainEntityOfPage\":{\"@id\":\"https:\\\/\\\/www.zeitpolster.com\\\/delegation\\\/podcast-2-mit-coco-kammerer-wie-gruendet-man-ein-zeitpolster-team\\\/\"},\"wordCount\":149,\"publisher\":{\"@id\":\"https:\\\/\\\/www.zeitpolster.com\\\/delegation\\\/#organization\"},\"image\":{\"@id\":\"https:\\\/\\\/www.zeitpolster.com\\\/delegation\\\/podcast-2-mit-coco-kammerer-wie-gruendet-man-ein-zeitpolster-team\\\/#primaryimage\"},\"thumbnailUrl\":\"https:\\\/\\\/www.zeitpolster.com\\\/delegation\\\/wp-content\\\/uploads\\\/sites\\\/22\\\/2022\\\/09\\\/Podcast-Titelbild-RGB-scaled-1.jpg\",\"keywords\":[\"altersvorsorge\",\"Freiwilligenarbeit\",\"Gruppe gr\u00fcnden\",\"selbstwirksamkeit\"],\"articleSection\":[\"Aktuelles\"],\"inLanguage\":\"de\"},{\"@type\":\"WebPage\",\"@id\":\"https:\\\/\\\/www.zeitpolster.com\\\/delegation\\\/podcast-2-mit-coco-kammerer-wie-gruendet-man-ein-zeitpolster-team\\\/\",\"url\":\"https:\\\/\\\/www.zeitpolster.com\\\/delegation\\\/podcast-2-mit-coco-kammerer-wie-gruendet-man-ein-zeitpolster-team\\\/\",\"name\":\"Podcast #2 mit Coco Kammerer: Wie gr\u00fcndet man ein Zeitpolster - Team? - Digitale Delegation\",\"isPartOf\":{\"@id\":\"https:\\\/\\\/www.zeitpolster.com\\\/delegation\\\/#website\"},\"primaryImageOfPage\":{\"@id\":\"https:\\\/\\\/www.zeitpolster.com\\\/delegation\\\/podcast-2-mit-coco-kammerer-wie-gruendet-man-ein-zeitpolster-team\\\/#primaryimage\"},\"image\":{\"@id\":\"https:\\\/\\\/www.zeitpolster.com\\\/delegation\\\/podcast-2-mit-coco-kammerer-wie-gruendet-man-ein-zeitpolster-team\\\/#primaryimage\"},\"thumbnailUrl\":\"https:\\\/\\\/www.zeitpolster.com\\\/delegation\\\/wp-content\\\/uploads\\\/sites\\\/22\\\/2022\\\/09\\\/Podcast-Titelbild-RGB-scaled-1.jpg\",\"datePublished\":\"2022-01-20T08:58:39+00:00\",\"dateModified\":\"2022-09-06T08:51:22+00:00\",\"breadcrumb\":{\"@id\":\"https:\\\/\\\/www.zeitpolster.com\\\/delegation\\\/podcast-2-mit-coco-kammerer-wie-gruendet-man-ein-zeitpolster-team\\\/#breadcrumb\"},\"inLanguage\":\"de\",\"potentialAction\":[{\"@type\":\"ReadAction\",\"target\":[\"https:\\\/\\\/www.zeitpolster.com\\\/delegation\\\/podcast-2-mit-coco-kammerer-wie-gruendet-man-ein-zeitpolster-team\\\/\"]}]},{\"@type\":\"ImageObject\",\"inLanguage\":\"de\",\"@id\":\"https:\\\/\\\/www.zeitpolster.com\\\/delegation\\\/podcast-2-mit-coco-kammerer-wie-gruendet-man-ein-zeitpolster-team\\\/#primaryimage\",\"url\":\"https:\\\/\\\/www.zeitpolster.com\\\/delegation\\\/wp-content\\\/uploads\\\/sites\\\/22\\\/2022\\\/09\\\/Podcast-Titelbild-RGB-scaled-1.jpg\",\"contentUrl\":\"https:\\\/\\\/www.zeitpolster.com\\\/delegation\\\/wp-content\\\/uploads\\\/sites\\\/22\\\/2022\\\/09\\\/Podcast-Titelbild-RGB-scaled-1.jpg\",\"width\":2560,\"height\":2560,\"caption\":\"Zeitposlter Podcast 2 mit Teammeisterinn\"},{\"@type\":\"BreadcrumbList\",\"@id\":\"https:\\\/\\\/www.zeitpolster.com\\\/delegation\\\/podcast-2-mit-coco-kammerer-wie-gruendet-man-ein-zeitpolster-team\\\/#breadcrumb\",\"itemListElement\":[{\"@type\":\"ListItem\",\"position\":1,\"name\":\"Startseite\",\"item\":\"https:\\\/\\\/www.zeitpolster.com\\\/delegation\\\/\"},{\"@type\":\"ListItem\",\"position\":2,\"name\":\"Podcast #2 mit Coco Kammerer: Wie gr\u00fcndet man ein Zeitpolster &#8211; Team?\"}]},{\"@type\":\"WebSite\",\"@id\":\"https:\\\/\\\/www.zeitpolster.com\\\/delegation\\\/#website\",\"url\":\"https:\\\/\\\/www.zeitpolster.com\\\/delegation\\\/\",\"name\":\"Digitale Delegation\",\"description\":\"Verein f\u00fcr Zeitvorsorge\",\"publisher\":{\"@id\":\"https:\\\/\\\/www.zeitpolster.com\\\/delegation\\\/#organization\"},\"potentialAction\":[{\"@type\":\"SearchAction\",\"target\":{\"@type\":\"EntryPoint\",\"urlTemplate\":\"https:\\\/\\\/www.zeitpolster.com\\\/delegation\\\/?s={search_term_string}\"},\"query-input\":{\"@type\":\"PropertyValueSpecification\",\"valueRequired\":true,\"valueName\":\"search_term_string\"}}],\"inLanguage\":\"de\"},{\"@type\":\"Organization\",\"@id\":\"https:\\\/\\\/www.zeitpolster.com\\\/delegation\\\/#organization\",\"name\":\"Digitale Delegation\",\"url\":\"https:\\\/\\\/www.zeitpolster.com\\\/delegation\\\/\",\"logo\":{\"@type\":\"ImageObject\",\"inLanguage\":\"de\",\"@id\":\"https:\\\/\\\/www.zeitpolster.com\\\/delegation\\\/#\\\/schema\\\/logo\\\/image\\\/\",\"url\":\"https:\\\/\\\/www.zeitpolster.com\\\/delegation\\\/wp-content\\\/uploads\\\/sites\\\/22\\\/2023\\\/01\\\/cropped-eDel-Logo_E1_20221124.png\",\"contentUrl\":\"https:\\\/\\\/www.zeitpolster.com\\\/delegation\\\/wp-content\\\/uploads\\\/sites\\\/22\\\/2023\\\/01\\\/cropped-eDel-Logo_E1_20221124.png\",\"width\":484,\"height\":306,\"caption\":\"Digitale Delegation\"},\"image\":{\"@id\":\"https:\\\/\\\/www.zeitpolster.com\\\/delegation\\\/#\\\/schema\\\/logo\\\/image\\\/\"}},{\"@type\":\"Person\",\"@id\":\"https:\\\/\\\/www.zeitpolster.com\\\/delegation\\\/#\\\/schema\\\/person\\\/7db3139b05a6d1f732050453bae19dcd\",\"name\":\"evadmin\",\"image\":{\"@type\":\"ImageObject\",\"inLanguage\":\"de\",\"@id\":\"https:\\\/\\\/secure.gravatar.com\\\/avatar\\\/66dce7cdc1285828e31e32260fc6877bfadd4ea61aa15a9181aecbb8e7948d0a?s=96&d=mm&r=g\",\"url\":\"https:\\\/\\\/secure.gravatar.com\\\/avatar\\\/66dce7cdc1285828e31e32260fc6877bfadd4ea61aa15a9181aecbb8e7948d0a?s=96&d=mm&r=g\",\"contentUrl\":\"https:\\\/\\\/secure.gravatar.com\\\/avatar\\\/66dce7cdc1285828e31e32260fc6877bfadd4ea61aa15a9181aecbb8e7948d0a?s=96&d=mm&r=g\",\"caption\":\"evadmin\"},\"url\":\"https:\\\/\\\/www.zeitpolster.com\\\/delegation\\\/author\\\/evadmin\\\/\"}]}<\/script>\n<!-- \/ Yoast SEO plugin. -->","yoast_head_json":{"title":"Podcast #2 mit Coco Kammerer: Wie gr\u00fcndet man ein Zeitpolster - Team? - Digitale Delegation","robots":{"index":"index","follow":"follow","max-snippet":"max-snippet:-1","max-image-preview":"max-image-preview:large","max-video-preview":"max-video-preview:-1"},"canonical":"https:\/\/www.zeitpolster.com\/delegation\/podcast-2-mit-coco-kammerer-wie-gruendet-man-ein-zeitpolster-team\/","og_locale":"de_DE","og_type":"article","og_title":"Podcast #2 mit Coco Kammerer: Wie gr\u00fcndet man ein Zeitpolster - Team? - Digitale Delegation","og_description":"Zeitpolster &#8211; Der Podcast f\u00fcrs clevere \u00c4LTERWERDEN Coco Kammerer ist Teamleiterin der Zeitpolster Gruppe Ausseerland. Sie erz\u00e4hlt uns in dieser Folge, wie die Gruppe gestartet hat und worauf man achten soll, wenn man ein Team bildet. Sie gibt auch gute Tipps, wie man ein starkes Netzwerk von Helfenden und Betreuten aufbaut und wir erfahren au\u00dferdem, [&hellip;]","og_url":"https:\/\/www.zeitpolster.com\/delegation\/podcast-2-mit-coco-kammerer-wie-gruendet-man-ein-zeitpolster-team\/","og_site_name":"Digitale Delegation","article_published_time":"2022-01-20T08:58:39+00:00","article_modified_time":"2022-09-06T08:51:22+00:00","og_image":[{"width":2560,"height":2560,"url":"https:\/\/www.zeitpolster.com\/delegation\/wp-content\/uploads\/sites\/22\/2022\/09\/Podcast-Titelbild-RGB-scaled-1.jpg","type":"image\/jpeg"}],"author":"evadmin","twitter_card":"summary_large_image","twitter_misc":{"Verfasst von":"evadmin","Gesch\u00e4tzte Lesezeit":"1\u00a0Minute"},"schema":{"@context":"https:\/\/schema.org","@graph":[{"@type":"Article","@id":"https:\/\/www.zeitpolster.com\/delegation\/podcast-2-mit-coco-kammerer-wie-gruendet-man-ein-zeitpolster-team\/#article","isPartOf":{"@id":"https:\/\/www.zeitpolster.com\/delegation\/podcast-2-mit-coco-kammerer-wie-gruendet-man-ein-zeitpolster-team\/"},"author":{"name":"evadmin","@id":"https:\/\/www.zeitpolster.com\/delegation\/#\/schema\/person\/7db3139b05a6d1f732050453bae19dcd"},"headline":"Podcast #2 mit Coco Kammerer: Wie gr\u00fcndet man ein Zeitpolster &#8211; Team?","datePublished":"2022-01-20T08:58:39+00:00","dateModified":"2022-09-06T08:51:22+00:00","mainEntityOfPage":{"@id":"https:\/\/www.zeitpolster.com\/delegation\/podcast-2-mit-coco-kammerer-wie-gruendet-man-ein-zeitpolster-team\/"},"wordCount":149,"publisher":{"@id":"https:\/\/www.zeitpolster.com\/delegation\/#organization"},"image":{"@id":"https:\/\/www.zeitpolster.com\/delegation\/podcast-2-mit-coco-kammerer-wie-gruendet-man-ein-zeitpolster-team\/#primaryimage"},"thumbnailUrl":"https:\/\/www.zeitpolster.com\/delegation\/wp-content\/uploads\/sites\/22\/2022\/09\/Podcast-Titelbild-RGB-scaled-1.jpg","keywords":["altersvorsorge","Freiwilligenarbeit","Gruppe gr\u00fcnden","selbstwirksamkeit"],"articleSection":["Aktuelles"],"inLanguage":"de"},{"@type":"WebPage","@id":"https:\/\/www.zeitpolster.com\/delegation\/podcast-2-mit-coco-kammerer-wie-gruendet-man-ein-zeitpolster-team\/","url":"https:\/\/www.zeitpolster.com\/delegation\/podcast-2-mit-coco-kammerer-wie-gruendet-man-ein-zeitpolster-team\/","name":"Podcast #2 mit Coco Kammerer: Wie gr\u00fcndet man ein Zeitpolster - Team? - Digitale Delegation","isPartOf":{"@id":"https:\/\/www.zeitpolster.com\/delegation\/#website"},"primaryImageOfPage":{"@id":"https:\/\/www.zeitpolster.com\/delegation\/podcast-2-mit-coco-kammerer-wie-gruendet-man-ein-zeitpolster-team\/#primaryimage"},"image":{"@id":"https:\/\/www.zeitpolster.com\/delegation\/podcast-2-mit-coco-kammerer-wie-gruendet-man-ein-zeitpolster-team\/#primaryimage"},"thumbnailUrl":"https:\/\/www.zeitpolster.com\/delegation\/wp-content\/uploads\/sites\/22\/2022\/09\/Podcast-Titelbild-RGB-scaled-1.jpg","datePublished":"2022-01-20T08:58:39+00:00","dateModified":"2022-09-06T08:51:22+00:00","breadcrumb":{"@id":"https:\/\/www.zeitpolster.com\/delegation\/podcast-2-mit-coco-kammerer-wie-gruendet-man-ein-zeitpolster-team\/#breadcrumb"},"inLanguage":"de","potentialAction":[{"@type":"ReadAction","target":["https:\/\/www.zeitpolster.com\/delegation\/podcast-2-mit-coco-kammerer-wie-gruendet-man-ein-zeitpolster-team\/"]}]},{"@type":"ImageObject","inLanguage":"de","@id":"https:\/\/www.zeitpolster.com\/delegation\/podcast-2-mit-coco-kammerer-wie-gruendet-man-ein-zeitpolster-team\/#primaryimage","url":"https:\/\/www.zeitpolster.com\/delegation\/wp-content\/uploads\/sites\/22\/2022\/09\/Podcast-Titelbild-RGB-scaled-1.jpg","contentUrl":"https:\/\/www.zeitpolster.com\/delegation\/wp-content\/uploads\/sites\/22\/2022\/09\/Podcast-Titelbild-RGB-scaled-1.jpg","width":2560,"height":2560,"caption":"Zeitposlter Podcast 2 mit Teammeisterinn"},{"@type":"BreadcrumbList","@id":"https:\/\/www.zeitpolster.com\/delegation\/podcast-2-mit-coco-kammerer-wie-gruendet-man-ein-zeitpolster-team\/#breadcrumb","itemListElement":[{"@type":"ListItem","position":1,"name":"Startseite","item":"https:\/\/www.zeitpolster.com\/delegation\/"},{"@type":"ListItem","position":2,"name":"Podcast #2 mit Coco Kammerer: Wie gr\u00fcndet man ein Zeitpolster &#8211; Team?"}]},{"@type":"WebSite","@id":"https:\/\/www.zeitpolster.com\/delegation\/#website","url":"https:\/\/www.zeitpolster.com\/delegation\/","name":"Digitale Delegation","description":"Verein f\u00fcr Zeitvorsorge","publisher":{"@id":"https:\/\/www.zeitpolster.com\/delegation\/#organization"},"potentialAction":[{"@type":"SearchAction","target":{"@type":"EntryPoint","urlTemplate":"https:\/\/www.zeitpolster.com\/delegation\/?s={search_term_string}"},"query-input":{"@type":"PropertyValueSpecification","valueRequired":true,"valueName":"search_term_string"}}],"inLanguage":"de"},{"@type":"Organization","@id":"https:\/\/www.zeitpolster.com\/delegation\/#organization","name":"Digitale Delegation","url":"https:\/\/www.zeitpolster.com\/delegation\/","logo":{"@type":"ImageObject","inLanguage":"de","@id":"https:\/\/www.zeitpolster.com\/delegation\/#\/schema\/logo\/image\/","url":"https:\/\/www.zeitpolster.com\/delegation\/wp-content\/uploads\/sites\/22\/2023\/01\/cropped-eDel-Logo_E1_20221124.png","contentUrl":"https:\/\/www.zeitpolster.com\/delegation\/wp-content\/uploads\/sites\/22\/2023\/01\/cropped-eDel-Logo_E1_20221124.png","width":484,"height":306,"caption":"Digitale Delegation"},"image":{"@id":"https:\/\/www.zeitpolster.com\/delegation\/#\/schema\/logo\/image\/"}},{"@type":"Person","@id":"https:\/\/www.zeitpolster.com\/delegation\/#\/schema\/person\/7db3139b05a6d1f732050453bae19dcd","name":"evadmin","image":{"@type":"ImageObject","inLanguage":"de","@id":"https:\/\/secure.gravatar.com\/avatar\/66dce7cdc1285828e31e32260fc6877bfadd4ea61aa15a9181aecbb8e7948d0a?s=96&d=mm&r=g","url":"https:\/\/secure.gravatar.com\/avatar\/66dce7cdc1285828e31e32260fc6877bfadd4ea61aa15a9181aecbb8e7948d0a?s=96&d=mm&r=g","contentUrl":"https:\/\/secure.gravatar.com\/avatar\/66dce7cdc1285828e31e32260fc6877bfadd4ea61aa15a9181aecbb8e7948d0a?s=96&d=mm&r=g","caption":"evadmin"},"url":"https:\/\/www.zeitpolster.com\/delegation\/author\/evadmin\/"}]}},"featured_image_src":"https:\/\/www.zeitpolster.com\/delegation\/wp-content\/uploads\/sites\/22\/2022\/09\/Podcast-Titelbild-RGB-scaled-1-600x400.jpg","featured_image_src_square":"https:\/\/www.zeitpolster.com\/delegation\/wp-content\/uploads\/sites\/22\/2022\/09\/Podcast-Titelbild-RGB-scaled-1-600x600.jpg","author_info":{"display_name":"evadmin","author_link":"https:\/\/www.zeitpolster.com\/delegation\/author\/evadmin\/"},"uagb_featured_image_src":{"full":["https:\/\/www.zeitpolster.com\/delegation\/wp-content\/uploads\/sites\/22\/2022\/09\/Podcast-Titelbild-RGB-scaled-1.jpg",2560,2560,false],"thumbnail":["https:\/\/www.zeitpolster.com\/delegation\/wp-content\/uploads\/sites\/22\/2022\/09\/Podcast-Titelbild-RGB-scaled-1-150x150.jpg",150,150,true],"medium":["https:\/\/www.zeitpolster.com\/delegation\/wp-content\/uploads\/sites\/22\/2022\/09\/Podcast-Titelbild-RGB-scaled-1-300x300.jpg",300,300,true],"medium_large":["https:\/\/www.zeitpolster.com\/delegation\/wp-content\/uploads\/sites\/22\/2022\/09\/Podcast-Titelbild-RGB-scaled-1-768x768.jpg",768,768,true],"large":["https:\/\/www.zeitpolster.com\/delegation\/wp-content\/uploads\/sites\/22\/2022\/09\/Podcast-Titelbild-RGB-scaled-1-1024x1024.jpg",1024,1024,true],"1536x1536":["https:\/\/www.zeitpolster.com\/delegation\/wp-content\/uploads\/sites\/22\/2022\/09\/Podcast-Titelbild-RGB-scaled-1-1536x1536.jpg",1536,1536,true],"2048x2048":["https:\/\/www.zeitpolster.com\/delegation\/wp-content\/uploads\/sites\/22\/2022\/09\/Podcast-Titelbild-RGB-scaled-1-2048x2048.jpg",2048,2048,true],"gb-block-post-grid-landscape":["https:\/\/www.zeitpolster.com\/delegation\/wp-content\/uploads\/sites\/22\/2022\/09\/Podcast-Titelbild-RGB-scaled-1-600x400.jpg",600,400,true],"gb-block-post-grid-square":["https:\/\/www.zeitpolster.com\/delegation\/wp-content\/uploads\/sites\/22\/2022\/09\/Podcast-Titelbild-RGB-scaled-1-600x600.jpg",600,600,true],"woocommerce_thumbnail":["https:\/\/www.zeitpolster.com\/delegation\/wp-content\/uploads\/sites\/22\/2022\/09\/Podcast-Titelbild-RGB-scaled-1-300x300.jpg",300,300,true],"woocommerce_single":["https:\/\/www.zeitpolster.com\/delegation\/wp-content\/uploads\/sites\/22\/2022\/09\/Podcast-Titelbild-RGB-scaled-1-600x600.jpg",600,600,true],"woocommerce_gallery_thumbnail":["https:\/\/www.zeitpolster.com\/delegation\/wp-content\/uploads\/sites\/22\/2022\/09\/Podcast-Titelbild-RGB-scaled-1-100x100.jpg",100,100,true]},"uagb_author_info":{"display_name":"evadmin","author_link":"https:\/\/www.zeitpolster.com\/delegation\/author\/evadmin\/"},"uagb_comment_info":0,"uagb_excerpt":"Zeitpolster &#8211; Der Podcast f\u00fcrs clevere \u00c4LTERWERDEN Coco Kammerer ist Teamleiterin der Zeitpolster Gruppe Ausseerland. Sie erz\u00e4hlt uns in dieser Folge, wie die Gruppe gestartet hat und worauf man achten soll, wenn man ein Team bildet. Sie gibt auch gute Tipps, wie man ein starkes Netzwerk von Helfenden und Betreuten aufbaut und wir erfahren au\u00dferdem,&hellip;","_links":{"self":[{"href":"https:\/\/www.zeitpolster.com\/delegation\/wp-json\/wp\/v2\/posts\/5687","targetHints":{"allow":["GET"]}}],"collection":[{"href":"https:\/\/www.zeitpolster.com\/delegation\/wp-json\/wp\/v2\/posts"}],"about":[{"href":"https:\/\/www.zeitpolster.com\/delegation\/wp-json\/wp\/v2\/types\/post"}],"author":[{"embeddable":true,"href":"https:\/\/www.zeitpolster.com\/delegation\/wp-json\/wp\/v2\/users\/7"}],"replies":[{"embeddable":true,"href":"https:\/\/www.zeitpolster.com\/delegation\/wp-json\/wp\/v2\/comments?post=5687"}],"version-history":[{"count":1,"href":"https:\/\/www.zeitpolster.com\/delegation\/wp-json\/wp\/v2\/posts\/5687\/revisions"}],"predecessor-version":[{"id":5711,"href":"https:\/\/www.zeitpolster.com\/delegation\/wp-json\/wp\/v2\/posts\/5687\/revisions\/5711"}],"wp:featuredmedia":[{"embeddable":true,"href":"https:\/\/www.zeitpolster.com\/delegation\/wp-json\/wp\/v2\/media\/5688"}],"wp:attachment":[{"href":"https:\/\/www.zeitpolster.com\/delegation\/wp-json\/wp\/v2\/media?parent=5687"}],"wp:term":[{"taxonomy":"category","embeddable":true,"href":"https:\/\/www.zeitpolster.com\/delegation\/wp-json\/wp\/v2\/categories?post=5687"},{"taxonomy":"post_tag","embeddable":true,"href":"https:\/\/www.zeitpolster.com\/delegation\/wp-json\/wp\/v2\/tags?post=5687"}],"curies":[{"name":"wp","href":"https:\/\/api.w.org\/{rel}","templated":true}]}}