{"id":5641,"date":"2022-06-15T09:24:38","date_gmt":"2022-06-15T07:24:38","guid":{"rendered":"https:\/\/www.zeitpolster.com\/ch\/podcast-13-mit-theo-wehner-ueber-die-motive-und-beduerfnisse-von-freiwilligen\/"},"modified":"2022-09-06T10:47:21","modified_gmt":"2022-09-06T08:47:21","slug":"podcast-13-mit-theo-wehner-ueber-die-motive-und-beduerfnisse-von-freiwilligen","status":"publish","type":"post","link":"https:\/\/www.zeitpolster.com\/ch\/podcast-13-mit-theo-wehner-ueber-die-motive-und-beduerfnisse-von-freiwilligen\/","title":{"rendered":"Podcast #13 mit Theo Wehner: \u00dcber die Motive und Bed\u00fcrfnisse von Freiwilligen"},"content":{"rendered":"<script class=\"podigee-podcast-player\" src=\"https:\/\/player.podigee-cdn.net\/podcast-player\/javascripts\/podigee-podcast-player.js\" data-configuration=\"https:\/\/zeitpolster.podigee.io\/16-neue-episode\/embed?context=external\"><\/script>\n<p>Zeitpolster &#8211; Der Podcast f\u00fcrs clevere \u00c4LTERWERDEN<\/p>\n<p>In dieser Folge spricht Gernot Jochum-M\u00fcller mit Prof. em. Dr. Theo Wehner, dem <strong>Arbeits- und Organisationspsychologen<\/strong> und emeritierten Professor an der ETH Z\u00fcrich.<br>Der langj\u00e4hrige <strong>Forscher im Bereich Motivation und Freiwilligenarbeit<\/strong> ist auch als Berater f\u00fcr Regierungsstellen t\u00e4tig. Bei diesem spannenden Gespr\u00e4ch gibt er uns Einblicke in seine Forschungsergebnisse.<\/p>\n<p>Neben der Beleuchtung der verschiedenen Motive und aktuellen Trends in der Freiwilligenarbeit h\u00f6ren wir auch \u00fcber die <strong>Bed\u00fcrfnisse der Freiwilligen<\/strong> und was sich bei der Anerkennungskultur \u00e4ndern muss.<\/p>\n<p>Wie ist ein Zeitsparsystem wie Zeitpolster einzuordnen und warum ist \u201eFreiwilligenarbeit auf Augenh\u00f6he\u201c so wichtig?<br>Sind Stundengutschriften die bessere W\u00e4hrung?<br>Und unterscheidet sich die Motivation unserer Freiwilligen zu denen bei einer \u201eklassischen\u201c Organisation?<br>Wo verl\u00e4uft die Grenze des Ehrenamtes?<\/p>\n<p><strong>Link:<\/strong><\/p>\n<p><a href=\"https:\/\/ethz.ch\/de\/die-eth-zuerich\/organisation\/who-is-who\/emeritierte-professorinnen-und-professoren\/details.html?persid=79532\"><br>Prof. em. Dr. Theo Wehner, ETH Z\u00fcrich<\/a><\/p>\n\n\n<p><\/p>\n\n\n\n<div class=\"wp-block-buttons is-layout-flex wp-block-buttons-is-layout-flex\">\n<div class=\"wp-block-button\"><a class=\"wp-block-button__link has-background\" href=\"https:\/\/www.zeitpolster.com\/podcast\/\" style=\"background-color:#286422\" target=\"_blank\" rel=\"noreferrer noopener\">Alle Zeitpolster Podcasts h\u00f6ren<\/a><\/div>\n<\/div>\n","protected":false},"excerpt":{"rendered":"<p>Zeitpolster &#8211; Der Podcast f\u00fcrs clevere \u00c4LTERWERDEN In dieser Folge spricht Gernot Jochum-M\u00fcller mit Prof. em. Dr. Theo Wehner, dem Arbeits- und Organisationspsychologen und emeritierten Professor an der ETH Z\u00fcrich.Der langj\u00e4hrige Forscher im Bereich Motivation und Freiwilligenarbeit ist auch als Berater f\u00fcr Regierungsstellen t\u00e4tig. Bei diesem spannenden Gespr\u00e4ch gibt er uns Einblicke in seine Forschungsergebnisse. [&hellip;]<\/p>\n","protected":false},"author":7,"featured_media":5704,"comment_status":"closed","ping_status":"closed","sticky":false,"template":"","format":"standard","meta":{"_bbp_topic_count":0,"_bbp_reply_count":0,"_bbp_total_topic_count":0,"_bbp_total_reply_count":0,"_bbp_voice_count":0,"_bbp_anonymous_reply_count":0,"_bbp_topic_count_hidden":0,"_bbp_reply_count_hidden":0,"_bbp_forum_subforum_count":0,"_uag_custom_page_level_css":"","site-sidebar-layout":"default","site-content-layout":"","ast-site-content-layout":"default","site-content-style":"default","site-sidebar-style":"default","ast-global-header-display":"","ast-banner-title-visibility":"","ast-main-header-display":"","ast-hfb-above-header-display":"","ast-hfb-below-header-display":"","ast-hfb-mobile-header-display":"","site-post-title":"","ast-breadcrumbs-content":"","ast-featured-img":"","footer-sml-layout":"","ast-disable-related-posts":"","theme-transparent-header-meta":"","adv-header-id-meta":"","stick-header-meta":"","header-above-stick-meta":"","header-main-stick-meta":"","header-below-stick-meta":"","astra-migrate-meta-layouts":"default","ast-page-background-enabled":"default","ast-page-background-meta":{"desktop":{"background-color":"","background-image":"","background-repeat":"repeat","background-position":"center center","background-size":"auto","background-attachment":"scroll","background-type":"","background-media":"","overlay-type":"","overlay-color":"","overlay-opacity":"","overlay-gradient":""},"tablet":{"background-color":"","background-image":"","background-repeat":"repeat","background-position":"center center","background-size":"auto","background-attachment":"scroll","background-type":"","background-media":"","overlay-type":"","overlay-color":"","overlay-opacity":"","overlay-gradient":""},"mobile":{"background-color":"","background-image":"","background-repeat":"repeat","background-position":"center center","background-size":"auto","background-attachment":"scroll","background-type":"","background-media":"","overlay-type":"","overlay-color":"","overlay-opacity":"","overlay-gradient":""}},"ast-content-background-meta":{"desktop":{"background-color":"var(--ast-global-color-5)","background-image":"","background-repeat":"repeat","background-position":"center center","background-size":"auto","background-attachment":"scroll","background-type":"","background-media":"","overlay-type":"","overlay-color":"","overlay-opacity":"","overlay-gradient":""},"tablet":{"background-color":"var(--ast-global-color-5)","background-image":"","background-repeat":"repeat","background-position":"center center","background-size":"auto","background-attachment":"scroll","background-type":"","background-media":"","overlay-type":"","overlay-color":"","overlay-opacity":"","overlay-gradient":""},"mobile":{"background-color":"var(--ast-global-color-5)","background-image":"","background-repeat":"repeat","background-position":"center center","background-size":"auto","background-attachment":"scroll","background-type":"","background-media":"","overlay-type":"","overlay-color":"","overlay-opacity":"","overlay-gradient":""}},"footnotes":""},"categories":[114,115,116,117],"tags":[],"class_list":["post-5641","post","type-post","status-publish","format-standard","has-post-thumbnail","hentry","category-aktuelles","category-betreuung","category-ehrenamt","category-nachbarschaftshilfe"],"yoast_head":"<!-- This site is optimized with the Yoast SEO plugin v27.5 - https:\/\/yoast.com\/product\/yoast-seo-wordpress\/ -->\n<title>Podcast #13 mit Theo Wehner: \u00dcber die Motive und Bed\u00fcrfnisse von Freiwilligen - Zeitpolster Schweiz<\/title>\n<meta name=\"robots\" content=\"index, follow, max-snippet:-1, max-image-preview:large, max-video-preview:-1\" \/>\n<link rel=\"canonical\" href=\"https:\/\/www.zeitpolster.com\/ch\/podcast-13-mit-theo-wehner-ueber-die-motive-und-beduerfnisse-von-freiwilligen\/\" \/>\n<meta property=\"og:locale\" content=\"de_DE\" \/>\n<meta property=\"og:type\" content=\"article\" \/>\n<meta property=\"og:title\" content=\"Podcast #13 mit Theo Wehner: \u00dcber die Motive und Bed\u00fcrfnisse von Freiwilligen - Zeitpolster Schweiz\" \/>\n<meta property=\"og:description\" content=\"Zeitpolster &#8211; Der Podcast f\u00fcrs clevere \u00c4LTERWERDEN In dieser Folge spricht Gernot Jochum-M\u00fcller mit Prof. em. Dr. Theo Wehner, dem Arbeits- und Organisationspsychologen und emeritierten Professor an der ETH Z\u00fcrich.Der langj\u00e4hrige Forscher im Bereich Motivation und Freiwilligenarbeit ist auch als Berater f\u00fcr Regierungsstellen t\u00e4tig. Bei diesem spannenden Gespr\u00e4ch gibt er uns Einblicke in seine Forschungsergebnisse. [&hellip;]\" \/>\n<meta property=\"og:url\" content=\"https:\/\/www.zeitpolster.com\/ch\/podcast-13-mit-theo-wehner-ueber-die-motive-und-beduerfnisse-von-freiwilligen\/\" \/>\n<meta property=\"og:site_name\" content=\"Zeitpolster Schweiz\" \/>\n<meta property=\"article:published_time\" content=\"2022-06-15T07:24:38+00:00\" \/>\n<meta property=\"article:modified_time\" content=\"2022-09-06T08:47:21+00:00\" \/>\n<meta property=\"og:image\" content=\"https:\/\/www.zeitpolster.com\/ch\/wp-content\/uploads\/sites\/23\/2022\/09\/Podcast-Titelbild-RGB-1-scaled-4.jpg\" \/>\n\t<meta property=\"og:image:width\" content=\"2560\" \/>\n\t<meta property=\"og:image:height\" content=\"2560\" \/>\n\t<meta property=\"og:image:type\" content=\"image\/jpeg\" \/>\n<meta name=\"author\" content=\"evadmin\" \/>\n<meta name=\"twitter:card\" content=\"summary_large_image\" \/>\n<meta name=\"twitter:label1\" content=\"Verfasst von\" \/>\n\t<meta name=\"twitter:data1\" content=\"evadmin\" \/>\n\t<meta name=\"twitter:label2\" content=\"Gesch\u00e4tzte Lesezeit\" \/>\n\t<meta name=\"twitter:data2\" content=\"1\u00a0Minute\" \/>\n<script type=\"application\/ld+json\" class=\"yoast-schema-graph\">{\"@context\":\"https:\\\/\\\/schema.org\",\"@graph\":[{\"@type\":\"Article\",\"@id\":\"https:\\\/\\\/www.zeitpolster.com\\\/ch\\\/podcast-13-mit-theo-wehner-ueber-die-motive-und-beduerfnisse-von-freiwilligen\\\/#article\",\"isPartOf\":{\"@id\":\"https:\\\/\\\/www.zeitpolster.com\\\/ch\\\/podcast-13-mit-theo-wehner-ueber-die-motive-und-beduerfnisse-von-freiwilligen\\\/\"},\"author\":{\"name\":\"evadmin\",\"@id\":\"https:\\\/\\\/www.zeitpolster.com\\\/ch\\\/#\\\/schema\\\/person\\\/7db3139b05a6d1f732050453bae19dcd\"},\"headline\":\"Podcast #13 mit Theo Wehner: \u00dcber die Motive und Bed\u00fcrfnisse von Freiwilligen\",\"datePublished\":\"2022-06-15T07:24:38+00:00\",\"dateModified\":\"2022-09-06T08:47:21+00:00\",\"mainEntityOfPage\":{\"@id\":\"https:\\\/\\\/www.zeitpolster.com\\\/ch\\\/podcast-13-mit-theo-wehner-ueber-die-motive-und-beduerfnisse-von-freiwilligen\\\/\"},\"wordCount\":168,\"publisher\":{\"@id\":\"https:\\\/\\\/www.zeitpolster.com\\\/ch\\\/#organization\"},\"image\":{\"@id\":\"https:\\\/\\\/www.zeitpolster.com\\\/ch\\\/podcast-13-mit-theo-wehner-ueber-die-motive-und-beduerfnisse-von-freiwilligen\\\/#primaryimage\"},\"thumbnailUrl\":\"https:\\\/\\\/www.zeitpolster.com\\\/ch\\\/wp-content\\\/uploads\\\/sites\\\/23\\\/2022\\\/09\\\/Podcast-Titelbild-RGB-1-scaled-4.jpg\",\"articleSection\":[\"Aktuelles\",\"Betreuung\",\"Ehrenamt\",\"Nachbarschaftshilfe\"],\"inLanguage\":\"de\"},{\"@type\":\"WebPage\",\"@id\":\"https:\\\/\\\/www.zeitpolster.com\\\/ch\\\/podcast-13-mit-theo-wehner-ueber-die-motive-und-beduerfnisse-von-freiwilligen\\\/\",\"url\":\"https:\\\/\\\/www.zeitpolster.com\\\/ch\\\/podcast-13-mit-theo-wehner-ueber-die-motive-und-beduerfnisse-von-freiwilligen\\\/\",\"name\":\"Podcast #13 mit Theo Wehner: \u00dcber die Motive und Bed\u00fcrfnisse von Freiwilligen - Zeitpolster Schweiz\",\"isPartOf\":{\"@id\":\"https:\\\/\\\/www.zeitpolster.com\\\/ch\\\/#website\"},\"primaryImageOfPage\":{\"@id\":\"https:\\\/\\\/www.zeitpolster.com\\\/ch\\\/podcast-13-mit-theo-wehner-ueber-die-motive-und-beduerfnisse-von-freiwilligen\\\/#primaryimage\"},\"image\":{\"@id\":\"https:\\\/\\\/www.zeitpolster.com\\\/ch\\\/podcast-13-mit-theo-wehner-ueber-die-motive-und-beduerfnisse-von-freiwilligen\\\/#primaryimage\"},\"thumbnailUrl\":\"https:\\\/\\\/www.zeitpolster.com\\\/ch\\\/wp-content\\\/uploads\\\/sites\\\/23\\\/2022\\\/09\\\/Podcast-Titelbild-RGB-1-scaled-4.jpg\",\"datePublished\":\"2022-06-15T07:24:38+00:00\",\"dateModified\":\"2022-09-06T08:47:21+00:00\",\"breadcrumb\":{\"@id\":\"https:\\\/\\\/www.zeitpolster.com\\\/ch\\\/podcast-13-mit-theo-wehner-ueber-die-motive-und-beduerfnisse-von-freiwilligen\\\/#breadcrumb\"},\"inLanguage\":\"de\",\"potentialAction\":[{\"@type\":\"ReadAction\",\"target\":[\"https:\\\/\\\/www.zeitpolster.com\\\/ch\\\/podcast-13-mit-theo-wehner-ueber-die-motive-und-beduerfnisse-von-freiwilligen\\\/\"]}]},{\"@type\":\"ImageObject\",\"inLanguage\":\"de\",\"@id\":\"https:\\\/\\\/www.zeitpolster.com\\\/ch\\\/podcast-13-mit-theo-wehner-ueber-die-motive-und-beduerfnisse-von-freiwilligen\\\/#primaryimage\",\"url\":\"https:\\\/\\\/www.zeitpolster.com\\\/ch\\\/wp-content\\\/uploads\\\/sites\\\/23\\\/2022\\\/09\\\/Podcast-Titelbild-RGB-1-scaled-4.jpg\",\"contentUrl\":\"https:\\\/\\\/www.zeitpolster.com\\\/ch\\\/wp-content\\\/uploads\\\/sites\\\/23\\\/2022\\\/09\\\/Podcast-Titelbild-RGB-1-scaled-4.jpg\",\"width\":2560,\"height\":2560,\"caption\":\"Zeitpolster Podcast fuers clevere Aelterwerden\"},{\"@type\":\"BreadcrumbList\",\"@id\":\"https:\\\/\\\/www.zeitpolster.com\\\/ch\\\/podcast-13-mit-theo-wehner-ueber-die-motive-und-beduerfnisse-von-freiwilligen\\\/#breadcrumb\",\"itemListElement\":[{\"@type\":\"ListItem\",\"position\":1,\"name\":\"Startseite\",\"item\":\"https:\\\/\\\/www.zeitpolster.com\\\/ch\\\/\"},{\"@type\":\"ListItem\",\"position\":2,\"name\":\"Podcast #13 mit Theo Wehner: \u00dcber die Motive und Bed\u00fcrfnisse von Freiwilligen\"}]},{\"@type\":\"WebSite\",\"@id\":\"https:\\\/\\\/www.zeitpolster.com\\\/ch\\\/#website\",\"url\":\"https:\\\/\\\/www.zeitpolster.com\\\/ch\\\/\",\"name\":\"Zeitpolster Schweiz\",\"description\":\"Verein f\u00fcr Zeitvorsorge\",\"publisher\":{\"@id\":\"https:\\\/\\\/www.zeitpolster.com\\\/ch\\\/#organization\"},\"potentialAction\":[{\"@type\":\"SearchAction\",\"target\":{\"@type\":\"EntryPoint\",\"urlTemplate\":\"https:\\\/\\\/www.zeitpolster.com\\\/ch\\\/?s={search_term_string}\"},\"query-input\":{\"@type\":\"PropertyValueSpecification\",\"valueRequired\":true,\"valueName\":\"search_term_string\"}}],\"inLanguage\":\"de\"},{\"@type\":\"Organization\",\"@id\":\"https:\\\/\\\/www.zeitpolster.com\\\/ch\\\/#organization\",\"name\":\"Zeitpolster Schweiz\",\"url\":\"https:\\\/\\\/www.zeitpolster.com\\\/ch\\\/\",\"logo\":{\"@type\":\"ImageObject\",\"inLanguage\":\"de\",\"@id\":\"https:\\\/\\\/www.zeitpolster.com\\\/ch\\\/#\\\/schema\\\/logo\\\/image\\\/\",\"url\":\"https:\\\/\\\/www.zeitpolster.com\\\/ch\\\/wp-content\\\/uploads\\\/sites\\\/23\\\/2019\\\/10\\\/logo_green-2.png\",\"contentUrl\":\"https:\\\/\\\/www.zeitpolster.com\\\/ch\\\/wp-content\\\/uploads\\\/sites\\\/23\\\/2019\\\/10\\\/logo_green-2.png\",\"width\":361,\"height\":192,\"caption\":\"Zeitpolster Schweiz\"},\"image\":{\"@id\":\"https:\\\/\\\/www.zeitpolster.com\\\/ch\\\/#\\\/schema\\\/logo\\\/image\\\/\"}},{\"@type\":\"Person\",\"@id\":\"https:\\\/\\\/www.zeitpolster.com\\\/ch\\\/#\\\/schema\\\/person\\\/7db3139b05a6d1f732050453bae19dcd\",\"name\":\"evadmin\",\"image\":{\"@type\":\"ImageObject\",\"inLanguage\":\"de\",\"@id\":\"https:\\\/\\\/secure.gravatar.com\\\/avatar\\\/66dce7cdc1285828e31e32260fc6877bfadd4ea61aa15a9181aecbb8e7948d0a?s=96&d=mm&r=g\",\"url\":\"https:\\\/\\\/secure.gravatar.com\\\/avatar\\\/66dce7cdc1285828e31e32260fc6877bfadd4ea61aa15a9181aecbb8e7948d0a?s=96&d=mm&r=g\",\"contentUrl\":\"https:\\\/\\\/secure.gravatar.com\\\/avatar\\\/66dce7cdc1285828e31e32260fc6877bfadd4ea61aa15a9181aecbb8e7948d0a?s=96&d=mm&r=g\",\"caption\":\"evadmin\"},\"url\":\"https:\\\/\\\/www.zeitpolster.com\\\/ch\\\/author\\\/evadmin\\\/\"}]}<\/script>\n<!-- \/ Yoast SEO plugin. -->","yoast_head_json":{"title":"Podcast #13 mit Theo Wehner: \u00dcber die Motive und Bed\u00fcrfnisse von Freiwilligen - Zeitpolster Schweiz","robots":{"index":"index","follow":"follow","max-snippet":"max-snippet:-1","max-image-preview":"max-image-preview:large","max-video-preview":"max-video-preview:-1"},"canonical":"https:\/\/www.zeitpolster.com\/ch\/podcast-13-mit-theo-wehner-ueber-die-motive-und-beduerfnisse-von-freiwilligen\/","og_locale":"de_DE","og_type":"article","og_title":"Podcast #13 mit Theo Wehner: \u00dcber die Motive und Bed\u00fcrfnisse von Freiwilligen - Zeitpolster Schweiz","og_description":"Zeitpolster &#8211; Der Podcast f\u00fcrs clevere \u00c4LTERWERDEN In dieser Folge spricht Gernot Jochum-M\u00fcller mit Prof. em. Dr. Theo Wehner, dem Arbeits- und Organisationspsychologen und emeritierten Professor an der ETH Z\u00fcrich.Der langj\u00e4hrige Forscher im Bereich Motivation und Freiwilligenarbeit ist auch als Berater f\u00fcr Regierungsstellen t\u00e4tig. Bei diesem spannenden Gespr\u00e4ch gibt er uns Einblicke in seine Forschungsergebnisse. [&hellip;]","og_url":"https:\/\/www.zeitpolster.com\/ch\/podcast-13-mit-theo-wehner-ueber-die-motive-und-beduerfnisse-von-freiwilligen\/","og_site_name":"Zeitpolster Schweiz","article_published_time":"2022-06-15T07:24:38+00:00","article_modified_time":"2022-09-06T08:47:21+00:00","og_image":[{"width":2560,"height":2560,"url":"https:\/\/www.zeitpolster.com\/ch\/wp-content\/uploads\/sites\/23\/2022\/09\/Podcast-Titelbild-RGB-1-scaled-4.jpg","type":"image\/jpeg"}],"author":"evadmin","twitter_card":"summary_large_image","twitter_misc":{"Verfasst von":"evadmin","Gesch\u00e4tzte Lesezeit":"1\u00a0Minute"},"schema":{"@context":"https:\/\/schema.org","@graph":[{"@type":"Article","@id":"https:\/\/www.zeitpolster.com\/ch\/podcast-13-mit-theo-wehner-ueber-die-motive-und-beduerfnisse-von-freiwilligen\/#article","isPartOf":{"@id":"https:\/\/www.zeitpolster.com\/ch\/podcast-13-mit-theo-wehner-ueber-die-motive-und-beduerfnisse-von-freiwilligen\/"},"author":{"name":"evadmin","@id":"https:\/\/www.zeitpolster.com\/ch\/#\/schema\/person\/7db3139b05a6d1f732050453bae19dcd"},"headline":"Podcast #13 mit Theo Wehner: \u00dcber die Motive und Bed\u00fcrfnisse von Freiwilligen","datePublished":"2022-06-15T07:24:38+00:00","dateModified":"2022-09-06T08:47:21+00:00","mainEntityOfPage":{"@id":"https:\/\/www.zeitpolster.com\/ch\/podcast-13-mit-theo-wehner-ueber-die-motive-und-beduerfnisse-von-freiwilligen\/"},"wordCount":168,"publisher":{"@id":"https:\/\/www.zeitpolster.com\/ch\/#organization"},"image":{"@id":"https:\/\/www.zeitpolster.com\/ch\/podcast-13-mit-theo-wehner-ueber-die-motive-und-beduerfnisse-von-freiwilligen\/#primaryimage"},"thumbnailUrl":"https:\/\/www.zeitpolster.com\/ch\/wp-content\/uploads\/sites\/23\/2022\/09\/Podcast-Titelbild-RGB-1-scaled-4.jpg","articleSection":["Aktuelles","Betreuung","Ehrenamt","Nachbarschaftshilfe"],"inLanguage":"de"},{"@type":"WebPage","@id":"https:\/\/www.zeitpolster.com\/ch\/podcast-13-mit-theo-wehner-ueber-die-motive-und-beduerfnisse-von-freiwilligen\/","url":"https:\/\/www.zeitpolster.com\/ch\/podcast-13-mit-theo-wehner-ueber-die-motive-und-beduerfnisse-von-freiwilligen\/","name":"Podcast #13 mit Theo Wehner: \u00dcber die Motive und Bed\u00fcrfnisse von Freiwilligen - Zeitpolster Schweiz","isPartOf":{"@id":"https:\/\/www.zeitpolster.com\/ch\/#website"},"primaryImageOfPage":{"@id":"https:\/\/www.zeitpolster.com\/ch\/podcast-13-mit-theo-wehner-ueber-die-motive-und-beduerfnisse-von-freiwilligen\/#primaryimage"},"image":{"@id":"https:\/\/www.zeitpolster.com\/ch\/podcast-13-mit-theo-wehner-ueber-die-motive-und-beduerfnisse-von-freiwilligen\/#primaryimage"},"thumbnailUrl":"https:\/\/www.zeitpolster.com\/ch\/wp-content\/uploads\/sites\/23\/2022\/09\/Podcast-Titelbild-RGB-1-scaled-4.jpg","datePublished":"2022-06-15T07:24:38+00:00","dateModified":"2022-09-06T08:47:21+00:00","breadcrumb":{"@id":"https:\/\/www.zeitpolster.com\/ch\/podcast-13-mit-theo-wehner-ueber-die-motive-und-beduerfnisse-von-freiwilligen\/#breadcrumb"},"inLanguage":"de","potentialAction":[{"@type":"ReadAction","target":["https:\/\/www.zeitpolster.com\/ch\/podcast-13-mit-theo-wehner-ueber-die-motive-und-beduerfnisse-von-freiwilligen\/"]}]},{"@type":"ImageObject","inLanguage":"de","@id":"https:\/\/www.zeitpolster.com\/ch\/podcast-13-mit-theo-wehner-ueber-die-motive-und-beduerfnisse-von-freiwilligen\/#primaryimage","url":"https:\/\/www.zeitpolster.com\/ch\/wp-content\/uploads\/sites\/23\/2022\/09\/Podcast-Titelbild-RGB-1-scaled-4.jpg","contentUrl":"https:\/\/www.zeitpolster.com\/ch\/wp-content\/uploads\/sites\/23\/2022\/09\/Podcast-Titelbild-RGB-1-scaled-4.jpg","width":2560,"height":2560,"caption":"Zeitpolster Podcast fuers clevere Aelterwerden"},{"@type":"BreadcrumbList","@id":"https:\/\/www.zeitpolster.com\/ch\/podcast-13-mit-theo-wehner-ueber-die-motive-und-beduerfnisse-von-freiwilligen\/#breadcrumb","itemListElement":[{"@type":"ListItem","position":1,"name":"Startseite","item":"https:\/\/www.zeitpolster.com\/ch\/"},{"@type":"ListItem","position":2,"name":"Podcast #13 mit Theo Wehner: \u00dcber die Motive und Bed\u00fcrfnisse von Freiwilligen"}]},{"@type":"WebSite","@id":"https:\/\/www.zeitpolster.com\/ch\/#website","url":"https:\/\/www.zeitpolster.com\/ch\/","name":"Zeitpolster Schweiz","description":"Verein f\u00fcr Zeitvorsorge","publisher":{"@id":"https:\/\/www.zeitpolster.com\/ch\/#organization"},"potentialAction":[{"@type":"SearchAction","target":{"@type":"EntryPoint","urlTemplate":"https:\/\/www.zeitpolster.com\/ch\/?s={search_term_string}"},"query-input":{"@type":"PropertyValueSpecification","valueRequired":true,"valueName":"search_term_string"}}],"inLanguage":"de"},{"@type":"Organization","@id":"https:\/\/www.zeitpolster.com\/ch\/#organization","name":"Zeitpolster Schweiz","url":"https:\/\/www.zeitpolster.com\/ch\/","logo":{"@type":"ImageObject","inLanguage":"de","@id":"https:\/\/www.zeitpolster.com\/ch\/#\/schema\/logo\/image\/","url":"https:\/\/www.zeitpolster.com\/ch\/wp-content\/uploads\/sites\/23\/2019\/10\/logo_green-2.png","contentUrl":"https:\/\/www.zeitpolster.com\/ch\/wp-content\/uploads\/sites\/23\/2019\/10\/logo_green-2.png","width":361,"height":192,"caption":"Zeitpolster Schweiz"},"image":{"@id":"https:\/\/www.zeitpolster.com\/ch\/#\/schema\/logo\/image\/"}},{"@type":"Person","@id":"https:\/\/www.zeitpolster.com\/ch\/#\/schema\/person\/7db3139b05a6d1f732050453bae19dcd","name":"evadmin","image":{"@type":"ImageObject","inLanguage":"de","@id":"https:\/\/secure.gravatar.com\/avatar\/66dce7cdc1285828e31e32260fc6877bfadd4ea61aa15a9181aecbb8e7948d0a?s=96&d=mm&r=g","url":"https:\/\/secure.gravatar.com\/avatar\/66dce7cdc1285828e31e32260fc6877bfadd4ea61aa15a9181aecbb8e7948d0a?s=96&d=mm&r=g","contentUrl":"https:\/\/secure.gravatar.com\/avatar\/66dce7cdc1285828e31e32260fc6877bfadd4ea61aa15a9181aecbb8e7948d0a?s=96&d=mm&r=g","caption":"evadmin"},"url":"https:\/\/www.zeitpolster.com\/ch\/author\/evadmin\/"}]}},"featured_image_src":"https:\/\/www.zeitpolster.com\/ch\/wp-content\/uploads\/sites\/23\/2022\/09\/Podcast-Titelbild-RGB-1-scaled-4-600x400.jpg","featured_image_src_square":"https:\/\/www.zeitpolster.com\/ch\/wp-content\/uploads\/sites\/23\/2022\/09\/Podcast-Titelbild-RGB-1-scaled-4-600x600.jpg","author_info":{"display_name":"evadmin","author_link":"https:\/\/www.zeitpolster.com\/ch\/author\/evadmin\/"},"uagb_featured_image_src":{"full":["https:\/\/www.zeitpolster.com\/ch\/wp-content\/uploads\/sites\/23\/2022\/09\/Podcast-Titelbild-RGB-1-scaled-4.jpg",2560,2560,false],"thumbnail":["https:\/\/www.zeitpolster.com\/ch\/wp-content\/uploads\/sites\/23\/2022\/09\/Podcast-Titelbild-RGB-1-scaled-4-150x150.jpg",150,150,true],"medium":["https:\/\/www.zeitpolster.com\/ch\/wp-content\/uploads\/sites\/23\/2022\/09\/Podcast-Titelbild-RGB-1-scaled-4-300x300.jpg",300,300,true],"medium_large":["https:\/\/www.zeitpolster.com\/ch\/wp-content\/uploads\/sites\/23\/2022\/09\/Podcast-Titelbild-RGB-1-scaled-4-768x768.jpg",768,768,true],"large":["https:\/\/www.zeitpolster.com\/ch\/wp-content\/uploads\/sites\/23\/2022\/09\/Podcast-Titelbild-RGB-1-scaled-4-1024x1024.jpg",1024,1024,true],"1536x1536":["https:\/\/www.zeitpolster.com\/ch\/wp-content\/uploads\/sites\/23\/2022\/09\/Podcast-Titelbild-RGB-1-scaled-4-1536x1536.jpg",1536,1536,true],"2048x2048":["https:\/\/www.zeitpolster.com\/ch\/wp-content\/uploads\/sites\/23\/2022\/09\/Podcast-Titelbild-RGB-1-scaled-4-2048x2048.jpg",2048,2048,true],"gb-block-post-grid-landscape":["https:\/\/www.zeitpolster.com\/ch\/wp-content\/uploads\/sites\/23\/2022\/09\/Podcast-Titelbild-RGB-1-scaled-4-600x400.jpg",600,400,true],"gb-block-post-grid-square":["https:\/\/www.zeitpolster.com\/ch\/wp-content\/uploads\/sites\/23\/2022\/09\/Podcast-Titelbild-RGB-1-scaled-4-600x600.jpg",600,600,true],"woocommerce_thumbnail":["https:\/\/www.zeitpolster.com\/ch\/wp-content\/uploads\/sites\/23\/2022\/09\/Podcast-Titelbild-RGB-1-scaled-4-300x300.jpg",300,300,true],"woocommerce_single":["https:\/\/www.zeitpolster.com\/ch\/wp-content\/uploads\/sites\/23\/2022\/09\/Podcast-Titelbild-RGB-1-scaled-4-600x600.jpg",600,600,true],"woocommerce_gallery_thumbnail":["https:\/\/www.zeitpolster.com\/ch\/wp-content\/uploads\/sites\/23\/2022\/09\/Podcast-Titelbild-RGB-1-scaled-4-100x100.jpg",100,100,true]},"uagb_author_info":{"display_name":"evadmin","author_link":"https:\/\/www.zeitpolster.com\/ch\/author\/evadmin\/"},"uagb_comment_info":0,"uagb_excerpt":"Zeitpolster &#8211; Der Podcast f\u00fcrs clevere \u00c4LTERWERDEN In dieser Folge spricht Gernot Jochum-M\u00fcller mit Prof. em. Dr. Theo Wehner, dem Arbeits- und Organisationspsychologen und emeritierten Professor an der ETH Z\u00fcrich.Der langj\u00e4hrige Forscher im Bereich Motivation und Freiwilligenarbeit ist auch als Berater f\u00fcr Regierungsstellen t\u00e4tig. Bei diesem spannenden Gespr\u00e4ch gibt er uns Einblicke in seine Forschungsergebnisse.&hellip;","_links":{"self":[{"href":"https:\/\/www.zeitpolster.com\/ch\/wp-json\/wp\/v2\/posts\/5641","targetHints":{"allow":["GET"]}}],"collection":[{"href":"https:\/\/www.zeitpolster.com\/ch\/wp-json\/wp\/v2\/posts"}],"about":[{"href":"https:\/\/www.zeitpolster.com\/ch\/wp-json\/wp\/v2\/types\/post"}],"author":[{"embeddable":true,"href":"https:\/\/www.zeitpolster.com\/ch\/wp-json\/wp\/v2\/users\/7"}],"replies":[{"embeddable":true,"href":"https:\/\/www.zeitpolster.com\/ch\/wp-json\/wp\/v2\/comments?post=5641"}],"version-history":[{"count":3,"href":"https:\/\/www.zeitpolster.com\/ch\/wp-json\/wp\/v2\/posts\/5641\/revisions"}],"predecessor-version":[{"id":5707,"href":"https:\/\/www.zeitpolster.com\/ch\/wp-json\/wp\/v2\/posts\/5641\/revisions\/5707"}],"wp:featuredmedia":[{"embeddable":true,"href":"https:\/\/www.zeitpolster.com\/ch\/wp-json\/wp\/v2\/media\/5704"}],"wp:attachment":[{"href":"https:\/\/www.zeitpolster.com\/ch\/wp-json\/wp\/v2\/media?parent=5641"}],"wp:term":[{"taxonomy":"category","embeddable":true,"href":"https:\/\/www.zeitpolster.com\/ch\/wp-json\/wp\/v2\/categories?post=5641"},{"taxonomy":"post_tag","embeddable":true,"href":"https:\/\/www.zeitpolster.com\/ch\/wp-json\/wp\/v2\/tags?post=5641"}],"curies":[{"name":"wp","href":"https:\/\/api.w.org\/{rel}","templated":true}]}}